{"id":3680,"date":"2025-09-04T10:20:11","date_gmt":"2025-09-04T13:20:11","guid":{"rendered":"https:\/\/des-cat.infd.edu.ar\/sitio\/?p=3680"},"modified":"2025-09-04T10:20:15","modified_gmt":"2025-09-04T13:20:15","slug":"i-e-s-gobernador-jose-cubas-presente-en-las-primeras-competencia-de-robotica-de-la-provincia","status":"publish","type":"post","link":"https:\/\/des-cat.infd.edu.ar\/sitio\/i-e-s-gobernador-jose-cubas-presente-en-las-primeras-competencia-de-robotica-de-la-provincia\/","title":{"rendered":"I.E.S. Gobernador Jos\u00e9 Cubas PRESENTE en las Primeras Competencia de Rob\u00f3tica de la Provincia."},"content":{"rendered":"<p>Estudiantes del 3\u00b0 y 4\u00b0 a\u00f1o del Profesorado en Educaci\u00f3n Tecnol\u00f3gica y profesores: Beatriz D\u00edaz, Karina Luna, Sebasti\u00e1n Romero y Emanuel Cuenca participaron en la organizaci\u00f3n y coordinaci\u00f3n de diferentes actividades en las primeras Competencias de Rob\u00f3tica de la Provincia de Catamarca, realizadas en la Ciudad de Bel\u00e9n y Tinogasta los d\u00edas 29 y 30 de Agosto respectivamente. Estas competencias fueron organizadas y gestadas por los Laboratorios de Rob\u00f3tica de Hualf\u00edn, Puerta de San Jos\u00e9 y Bel\u00e9n y contaron con el Auspicio del Ministerio de Educaci\u00f3n Ciencia y Tecnolog\u00eda de la Provincia de Catamarca. Las Competencias tienen como finalidad promover la integraci\u00f3n de la rob\u00f3tica y la inteligencia artificial en propuestas pedag\u00f3gicas innovadoras, favorecer el desarrollo profesional docente en torno a tecnolog\u00edas emergentes y potenciar la ense\u00f1anza a trav\u00e9s de estrategias como el juego, la programaci\u00f3n y la gamificaci\u00f3n. <br \/>En el marco de las Competencias la Lic. Karina Luna y la Prof. Beatriz D\u00edaz estuvieron a cargo del Taller: C\u00f3mo la Gamificaci\u00f3n y la IA redefinen la ense\u00f1anza, con la colaboraci\u00f3n de los estudiantes de profesorado en educaci\u00f3n tecnol\u00f3gica.<br \/>Esta actividad fue una oportunidad pedag\u00f3gica excepcional para profundizar en saberes de Educaci\u00f3n Digital, Programaci\u00f3n y Rob\u00f3tica, lo que significa una actualizaci\u00f3n curricular para los estudiantes de esta carrera, de tal forma que promueven el desarrollo de habilidades esenciales, tales como el pensamiento cr\u00edtico y resoluci\u00f3n de problemas, programaci\u00f3n y codificaci\u00f3n, dise\u00f1o y creaci\u00f3n de soluciones innovadoras, trabajo en equipo y comunicaci\u00f3n efectiva. <br \/>Queremos agradecer la colaboraci\u00f3n del Municipio de Valle Viejo para el traslado de los estudiantes y profesores a este evento en los departamentos de Bel\u00e9n\u00a0y\u00a0Tinogasta.<\/p>\n\n\n<figure class=\"wp-block-gallery has-nested-images columns-default is-cropped wp-block-gallery-1 is-layout-flex\">\n<figure class=\"wp-block-image size-large\"><img decoding=\"async\" loading=\"lazy\" width=\"900\" height=\"1600\" data-id=\"3685\"  src=\"https:\/\/des-cat.infd.edu.ar\/sitio\/wp-content\/uploads\/2025\/09\/IMG-20250902-WA0003.jpg\" alt=\"\" class=\"wp-image-3685\" srcset=\"https:\/\/des-cat.infd.edu.ar\/sitio\/wp-content\/uploads\/2025\/09\/IMG-20250902-WA0003.jpg 900w, https:\/\/des-cat.infd.edu.ar\/sitio\/wp-content\/uploads\/2025\/09\/IMG-20250902-WA0003-563x1000.jpg 563w, https:\/\/des-cat.infd.edu.ar\/sitio\/wp-content\/uploads\/2025\/09\/IMG-20250902-WA0003-768x1365.jpg 768w, https:\/\/des-cat.infd.edu.ar\/sitio\/wp-content\/uploads\/2025\/09\/IMG-20250902-WA0003-864x1536.jpg 864w\" sizes=\"(max-width: 900px) 100vw, 900px\" \/><\/figure>\n\n\n\n<figure class=\"wp-block-image size-large\"><img decoding=\"async\" loading=\"lazy\" width=\"1600\" height=\"720\" data-id=\"3683\"  src=\"https:\/\/des-cat.infd.edu.ar\/sitio\/wp-content\/uploads\/2025\/09\/IMG-20250902-WA0004.jpg\" alt=\"\" class=\"wp-image-3683\" srcset=\"https:\/\/des-cat.infd.edu.ar\/sitio\/wp-content\/uploads\/2025\/09\/IMG-20250902-WA0004.jpg 1600w, https:\/\/des-cat.infd.edu.ar\/sitio\/wp-content\/uploads\/2025\/09\/IMG-20250902-WA0004-1000x450.jpg 1000w, https:\/\/des-cat.infd.edu.ar\/sitio\/wp-content\/uploads\/2025\/09\/IMG-20250902-WA0004-768x346.jpg 768w, https:\/\/des-cat.infd.edu.ar\/sitio\/wp-content\/uploads\/2025\/09\/IMG-20250902-WA0004-1536x691.jpg 1536w\" sizes=\"(max-width: 1600px) 100vw, 1600px\" \/><\/figure>\n\n\n\n<figure class=\"wp-block-image size-large\"><img decoding=\"async\" loading=\"lazy\" width=\"900\" height=\"1600\" data-id=\"3682\"  src=\"https:\/\/des-cat.infd.edu.ar\/sitio\/wp-content\/uploads\/2025\/09\/IMG-20250902-WA0005.jpg\" alt=\"\" class=\"wp-image-3682\" srcset=\"https:\/\/des-cat.infd.edu.ar\/sitio\/wp-content\/uploads\/2025\/09\/IMG-20250902-WA0005.jpg 900w, https:\/\/des-cat.infd.edu.ar\/sitio\/wp-content\/uploads\/2025\/09\/IMG-20250902-WA0005-563x1000.jpg 563w, https:\/\/des-cat.infd.edu.ar\/sitio\/wp-content\/uploads\/2025\/09\/IMG-20250902-WA0005-768x1365.jpg 768w, https:\/\/des-cat.infd.edu.ar\/sitio\/wp-content\/uploads\/2025\/09\/IMG-20250902-WA0005-864x1536.jpg 864w\" sizes=\"(max-width: 900px) 100vw, 900px\" \/><\/figure>\n\n\n\n<figure class=\"wp-block-image size-large\"><img decoding=\"async\" loading=\"lazy\" width=\"1200\" height=\"1600\" data-id=\"3681\"  src=\"https:\/\/des-cat.infd.edu.ar\/sitio\/wp-content\/uploads\/2025\/09\/IMG-20250902-WA0006.jpg\" alt=\"\" class=\"wp-image-3681\" srcset=\"https:\/\/des-cat.infd.edu.ar\/sitio\/wp-content\/uploads\/2025\/09\/IMG-20250902-WA0006.jpg 1200w, https:\/\/des-cat.infd.edu.ar\/sitio\/wp-content\/uploads\/2025\/09\/IMG-20250902-WA0006-750x1000.jpg 750w, https:\/\/des-cat.infd.edu.ar\/sitio\/wp-content\/uploads\/2025\/09\/IMG-20250902-WA0006-768x1024.jpg 768w, https:\/\/des-cat.infd.edu.ar\/sitio\/wp-content\/uploads\/2025\/09\/IMG-20250902-WA0006-1152x1536.jpg 1152w\" sizes=\"(max-width: 1200px) 100vw, 1200px\" \/><\/figure>\n\n\n\n<figure class=\"wp-block-image size-large\"><img decoding=\"async\" loading=\"lazy\" width=\"720\" height=\"1280\" data-id=\"3684\"  src=\"https:\/\/des-cat.infd.edu.ar\/sitio\/wp-content\/uploads\/2025\/09\/IMG-20250902-WA0007.jpg\" alt=\"\" class=\"wp-image-3684\" srcset=\"https:\/\/des-cat.infd.edu.ar\/sitio\/wp-content\/uploads\/2025\/09\/IMG-20250902-WA0007.jpg 720w, https:\/\/des-cat.infd.edu.ar\/sitio\/wp-content\/uploads\/2025\/09\/IMG-20250902-WA0007-563x1000.jpg 563w\" sizes=\"(max-width: 720px) 100vw, 720px\" \/><\/figure>\n\n\n\n<figure class=\"wp-block-image size-large\"><img decoding=\"async\" loading=\"lazy\" width=\"900\" height=\"1600\" data-id=\"3686\"  src=\"https:\/\/des-cat.infd.edu.ar\/sitio\/wp-content\/uploads\/2025\/09\/IMG-20250902-WA0008.jpg\" alt=\"\" class=\"wp-image-3686\" srcset=\"https:\/\/des-cat.infd.edu.ar\/sitio\/wp-content\/uploads\/2025\/09\/IMG-20250902-WA0008.jpg 900w, https:\/\/des-cat.infd.edu.ar\/sitio\/wp-content\/uploads\/2025\/09\/IMG-20250902-WA0008-563x1000.jpg 563w, https:\/\/des-cat.infd.edu.ar\/sitio\/wp-content\/uploads\/2025\/09\/IMG-20250902-WA0008-768x1365.jpg 768w, https:\/\/des-cat.infd.edu.ar\/sitio\/wp-content\/uploads\/2025\/09\/IMG-20250902-WA0008-864x1536.jpg 864w\" sizes=\"(max-width: 900px) 100vw, 900px\" \/><\/figure>\n<\/figure>\n","protected":false},"excerpt":{"rendered":"<p>Estudiantes del 3\u00b0 y 4\u00b0 a\u00f1o del Profesorado en Educaci\u00f3n Tecnol\u00f3gica y profesores: Beatriz D\u00edaz, Karina Luna, Sebasti\u00e1n Romero y Emanuel Cuenca participaron en la organizaci\u00f3n y coordinaci\u00f3n de diferentes actividades en las primeras Competencias de Rob\u00f3tica de la Provincia de Catamarca, realizadas en la Ciudad de Bel\u00e9n y Tinogasta los d\u00edas 29 y 30 &#8230; <a title=\"I.E.S. Gobernador Jos\u00e9 Cubas PRESENTE en las Primeras Competencia de Rob\u00f3tica de la Provincia.\" class=\"read-more\" href=\"https:\/\/des-cat.infd.edu.ar\/sitio\/i-e-s-gobernador-jose-cubas-presente-en-las-primeras-competencia-de-robotica-de-la-provincia\/\" aria-label=\"More on I.E.S. Gobernador Jos\u00e9 Cubas PRESENTE en las Primeras Competencia de Rob\u00f3tica de la Provincia.\">[+]<\/a><\/p>\n","protected":false},"author":45,"featured_media":3687,"comment_status":"closed","ping_status":"closed","sticky":false,"template":"","format":"standard","meta":[],"categories":[53,52],"tags":[],"acf":[],"_links":{"self":[{"href":"https:\/\/des-cat.infd.edu.ar\/sitio\/wp-json\/wp\/v2\/posts\/3680"}],"collection":[{"href":"https:\/\/des-cat.infd.edu.ar\/sitio\/wp-json\/wp\/v2\/posts"}],"about":[{"href":"https:\/\/des-cat.infd.edu.ar\/sitio\/wp-json\/wp\/v2\/types\/post"}],"author":[{"embeddable":true,"href":"https:\/\/des-cat.infd.edu.ar\/sitio\/wp-json\/wp\/v2\/users\/45"}],"replies":[{"embeddable":true,"href":"https:\/\/des-cat.infd.edu.ar\/sitio\/wp-json\/wp\/v2\/comments?post=3680"}],"version-history":[{"count":1,"href":"https:\/\/des-cat.infd.edu.ar\/sitio\/wp-json\/wp\/v2\/posts\/3680\/revisions"}],"predecessor-version":[{"id":3688,"href":"https:\/\/des-cat.infd.edu.ar\/sitio\/wp-json\/wp\/v2\/posts\/3680\/revisions\/3688"}],"wp:featuredmedia":[{"embeddable":true,"href":"https:\/\/des-cat.infd.edu.ar\/sitio\/wp-json\/wp\/v2\/media\/3687"}],"wp:attachment":[{"href":"https:\/\/des-cat.infd.edu.ar\/sitio\/wp-json\/wp\/v2\/media?parent=3680"}],"wp:term":[{"taxonomy":"category","embeddable":true,"href":"https:\/\/des-cat.infd.edu.ar\/sitio\/wp-json\/wp\/v2\/categories?post=3680"},{"taxonomy":"post_tag","embeddable":true,"href":"https:\/\/des-cat.infd.edu.ar\/sitio\/wp-json\/wp\/v2\/tags?post=3680"}],"curies":[{"name":"wp","href":"https:\/\/api.w.org\/{rel}","templated":true}]}}