{"id":3651,"date":"2025-08-27T12:47:46","date_gmt":"2025-08-27T15:47:46","guid":{"rendered":"https:\/\/des-cat.infd.edu.ar\/sitio\/?p=3651"},"modified":"2025-08-27T12:48:10","modified_gmt":"2025-08-27T15:48:10","slug":"jornadas-de-investigacion-de-los-ies-del-oeste","status":"publish","type":"post","link":"https:\/\/des-cat.infd.edu.ar\/sitio\/jornadas-de-investigacion-de-los-ies-del-oeste\/","title":{"rendered":"Jornadas de Investigaci\u00f3n de los IES del OESTE"},"content":{"rendered":"\n<figure class=\"wp-block-gallery has-nested-images columns-default is-cropped wp-block-gallery-1 is-layout-flex\">\n<figure class=\"wp-block-image size-large\"><img decoding=\"async\" loading=\"lazy\" width=\"867\" height=\"1156\" data-id=\"3652\"  src=\"https:\/\/des-cat.infd.edu.ar\/sitio\/wp-content\/uploads\/2025\/08\/Imagen-de-WhatsApp-2025-08-26-a-las-17.14.48_2be637c0.jpg\" alt=\"\" class=\"wp-image-3652\" srcset=\"https:\/\/des-cat.infd.edu.ar\/sitio\/wp-content\/uploads\/2025\/08\/Imagen-de-WhatsApp-2025-08-26-a-las-17.14.48_2be637c0.jpg 867w, https:\/\/des-cat.infd.edu.ar\/sitio\/wp-content\/uploads\/2025\/08\/Imagen-de-WhatsApp-2025-08-26-a-las-17.14.48_2be637c0-750x1000.jpg 750w, https:\/\/des-cat.infd.edu.ar\/sitio\/wp-content\/uploads\/2025\/08\/Imagen-de-WhatsApp-2025-08-26-a-las-17.14.48_2be637c0-768x1024.jpg 768w\" sizes=\"(max-width: 867px) 100vw, 867px\" \/><\/figure>\n\n\n\n<figure class=\"wp-block-image size-large\"><img decoding=\"async\" loading=\"lazy\" width=\"867\" height=\"1156\" data-id=\"3655\"  src=\"https:\/\/des-cat.infd.edu.ar\/sitio\/wp-content\/uploads\/2025\/08\/Imagen-de-WhatsApp-2025-08-26-a-las-17.14.48_26dbcb10.jpg\" alt=\"\" class=\"wp-image-3655\" srcset=\"https:\/\/des-cat.infd.edu.ar\/sitio\/wp-content\/uploads\/2025\/08\/Imagen-de-WhatsApp-2025-08-26-a-las-17.14.48_26dbcb10.jpg 867w, https:\/\/des-cat.infd.edu.ar\/sitio\/wp-content\/uploads\/2025\/08\/Imagen-de-WhatsApp-2025-08-26-a-las-17.14.48_26dbcb10-750x1000.jpg 750w, https:\/\/des-cat.infd.edu.ar\/sitio\/wp-content\/uploads\/2025\/08\/Imagen-de-WhatsApp-2025-08-26-a-las-17.14.48_26dbcb10-768x1024.jpg 768w\" sizes=\"(max-width: 867px) 100vw, 867px\" \/><\/figure>\n\n\n\n<figure class=\"wp-block-image size-large\"><img decoding=\"async\" loading=\"lazy\" width=\"1156\" height=\"867\" data-id=\"3656\"  src=\"https:\/\/des-cat.infd.edu.ar\/sitio\/wp-content\/uploads\/2025\/08\/Imagen-de-WhatsApp-2025-08-26-a-las-17.14.48_45e8d485.jpg\" alt=\"\" class=\"wp-image-3656\" srcset=\"https:\/\/des-cat.infd.edu.ar\/sitio\/wp-content\/uploads\/2025\/08\/Imagen-de-WhatsApp-2025-08-26-a-las-17.14.48_45e8d485.jpg 1156w, https:\/\/des-cat.infd.edu.ar\/sitio\/wp-content\/uploads\/2025\/08\/Imagen-de-WhatsApp-2025-08-26-a-las-17.14.48_45e8d485-1000x750.jpg 1000w, https:\/\/des-cat.infd.edu.ar\/sitio\/wp-content\/uploads\/2025\/08\/Imagen-de-WhatsApp-2025-08-26-a-las-17.14.48_45e8d485-768x576.jpg 768w\" sizes=\"(max-width: 1156px) 100vw, 1156px\" \/><\/figure>\n\n\n\n<figure class=\"wp-block-image size-large\"><img decoding=\"async\" loading=\"lazy\" width=\"1600\" height=\"1200\" data-id=\"3657\"  src=\"https:\/\/des-cat.infd.edu.ar\/sitio\/wp-content\/uploads\/2025\/08\/Imagen-de-WhatsApp-2025-08-26-a-las-17.15.57_8355239a.jpg\" alt=\"\" class=\"wp-image-3657\" srcset=\"https:\/\/des-cat.infd.edu.ar\/sitio\/wp-content\/uploads\/2025\/08\/Imagen-de-WhatsApp-2025-08-26-a-las-17.15.57_8355239a.jpg 1600w, https:\/\/des-cat.infd.edu.ar\/sitio\/wp-content\/uploads\/2025\/08\/Imagen-de-WhatsApp-2025-08-26-a-las-17.15.57_8355239a-1000x750.jpg 1000w, https:\/\/des-cat.infd.edu.ar\/sitio\/wp-content\/uploads\/2025\/08\/Imagen-de-WhatsApp-2025-08-26-a-las-17.15.57_8355239a-768x576.jpg 768w, https:\/\/des-cat.infd.edu.ar\/sitio\/wp-content\/uploads\/2025\/08\/Imagen-de-WhatsApp-2025-08-26-a-las-17.15.57_8355239a-1536x1152.jpg 1536w\" sizes=\"(max-width: 1600px) 100vw, 1600px\" \/><\/figure>\n\n\n\n<figure class=\"wp-block-image size-large\"><img decoding=\"async\" loading=\"lazy\" width=\"1600\" height=\"900\" data-id=\"3653\"  src=\"https:\/\/des-cat.infd.edu.ar\/sitio\/wp-content\/uploads\/2025\/08\/Imagen-de-WhatsApp-2025-08-26-a-las-17.15.59_874b01f5.jpg\" alt=\"\" class=\"wp-image-3653\" srcset=\"https:\/\/des-cat.infd.edu.ar\/sitio\/wp-content\/uploads\/2025\/08\/Imagen-de-WhatsApp-2025-08-26-a-las-17.15.59_874b01f5.jpg 1600w, https:\/\/des-cat.infd.edu.ar\/sitio\/wp-content\/uploads\/2025\/08\/Imagen-de-WhatsApp-2025-08-26-a-las-17.15.59_874b01f5-1000x563.jpg 1000w, https:\/\/des-cat.infd.edu.ar\/sitio\/wp-content\/uploads\/2025\/08\/Imagen-de-WhatsApp-2025-08-26-a-las-17.15.59_874b01f5-768x432.jpg 768w, https:\/\/des-cat.infd.edu.ar\/sitio\/wp-content\/uploads\/2025\/08\/Imagen-de-WhatsApp-2025-08-26-a-las-17.15.59_874b01f5-1536x864.jpg 1536w\" sizes=\"(max-width: 1600px) 100vw, 1600px\" \/><\/figure>\n\n\n\n<figure class=\"wp-block-image size-large\"><img decoding=\"async\" loading=\"lazy\" width=\"1280\" height=\"720\" data-id=\"3654\"  src=\"https:\/\/des-cat.infd.edu.ar\/sitio\/wp-content\/uploads\/2025\/08\/Imagen-de-WhatsApp-2025-08-26-a-las-17.15.59_e8dd0bf5.jpg\" alt=\"\" class=\"wp-image-3654\" srcset=\"https:\/\/des-cat.infd.edu.ar\/sitio\/wp-content\/uploads\/2025\/08\/Imagen-de-WhatsApp-2025-08-26-a-las-17.15.59_e8dd0bf5.jpg 1280w, https:\/\/des-cat.infd.edu.ar\/sitio\/wp-content\/uploads\/2025\/08\/Imagen-de-WhatsApp-2025-08-26-a-las-17.15.59_e8dd0bf5-1000x563.jpg 1000w, https:\/\/des-cat.infd.edu.ar\/sitio\/wp-content\/uploads\/2025\/08\/Imagen-de-WhatsApp-2025-08-26-a-las-17.15.59_e8dd0bf5-768x432.jpg 768w\" sizes=\"(max-width: 1280px) 100vw, 1280px\" \/><\/figure>\n<\/figure>\n\n\n<p>El pasado 21 y 22 de Agosto se realizaron las 2das Jornadas de Investigaci\u00f3n de los IES del Oeste catamarque\u00f1o, organizadas por los Jefes de Investigaci\u00f3n de Fiambal\u00e1, Poman, Andalgal\u00e1, Bel\u00e9n, y Tinogasta con sede en el IESFIAMBALA.<br \/>Durante 2 d\u00edas se expusieron ponencias y trabajos de investigaci\u00f3n, con tem\u00e1ticas relevantes, entre ellas, la inteligencia artificial y su impacto en la investigaci\u00f3n, la pr\u00e1ctica docente situada, La IA en la planificaci\u00f3n de profesores de danza, pol\u00edticas educativas, inclusi\u00f3n, etc. <br \/>Adem\u00e1s se cont\u00f3 con las conferencias centrales del Dr. Jos\u00e9 Alberto Yuni del Instituto Regional de Estudios Socioculturales y representante CONICET en el NOA, con la tem\u00e1tica: La Formaci\u00f3n de Competencias cient\u00edficas, una necesidad para las profesiones del siglo XXI, participo como invitado especial el Club de Ciencias Alejandro Volta de la escuela secundaria N17, con la ponencia \u00bb el rol transformador de los clubes de ciencia\u00bb <br \/>La conferencia central se realizo el Taller \u00bb IA aplicada a investigaci\u00f3n\u00bb de la Ing. Georgina Cerusico y la Magister Ana Palomeque. Las Segundas Jornadas de Investigaci\u00f3n Educativas de los Institutos del Oeste Catamarque\u00f1o significan un aporte al desarrollo del conocimiento y al crecimiento del nivel superior en nuestra provincia.<\/p>","protected":false},"excerpt":{"rendered":"<p>El pasado 21 y 22 de Agosto se realizaron las 2das Jornadas de Investigaci\u00f3n de los IES del Oeste catamarque\u00f1o, organizadas por los Jefes de Investigaci\u00f3n de Fiambal\u00e1, Poman, Andalgal\u00e1, Bel\u00e9n, y Tinogasta con sede en el IESFIAMBALA.Durante 2 d\u00edas se expusieron ponencias y trabajos de investigaci\u00f3n, con tem\u00e1ticas relevantes, entre ellas, la inteligencia artificial &#8230; <a title=\"Jornadas de Investigaci\u00f3n de los IES del OESTE\" class=\"read-more\" href=\"https:\/\/des-cat.infd.edu.ar\/sitio\/jornadas-de-investigacion-de-los-ies-del-oeste\/\" aria-label=\"More on Jornadas de Investigaci\u00f3n de los IES del OESTE\">[+]<\/a><\/p>\n","protected":false},"author":45,"featured_media":3658,"comment_status":"closed","ping_status":"closed","sticky":false,"template":"","format":"standard","meta":[],"categories":[52],"tags":[],"acf":[],"_links":{"self":[{"href":"https:\/\/des-cat.infd.edu.ar\/sitio\/wp-json\/wp\/v2\/posts\/3651"}],"collection":[{"href":"https:\/\/des-cat.infd.edu.ar\/sitio\/wp-json\/wp\/v2\/posts"}],"about":[{"href":"https:\/\/des-cat.infd.edu.ar\/sitio\/wp-json\/wp\/v2\/types\/post"}],"author":[{"embeddable":true,"href":"https:\/\/des-cat.infd.edu.ar\/sitio\/wp-json\/wp\/v2\/users\/45"}],"replies":[{"embeddable":true,"href":"https:\/\/des-cat.infd.edu.ar\/sitio\/wp-json\/wp\/v2\/comments?post=3651"}],"version-history":[{"count":2,"href":"https:\/\/des-cat.infd.edu.ar\/sitio\/wp-json\/wp\/v2\/posts\/3651\/revisions"}],"predecessor-version":[{"id":3660,"href":"https:\/\/des-cat.infd.edu.ar\/sitio\/wp-json\/wp\/v2\/posts\/3651\/revisions\/3660"}],"wp:featuredmedia":[{"embeddable":true,"href":"https:\/\/des-cat.infd.edu.ar\/sitio\/wp-json\/wp\/v2\/media\/3658"}],"wp:attachment":[{"href":"https:\/\/des-cat.infd.edu.ar\/sitio\/wp-json\/wp\/v2\/media?parent=3651"}],"wp:term":[{"taxonomy":"category","embeddable":true,"href":"https:\/\/des-cat.infd.edu.ar\/sitio\/wp-json\/wp\/v2\/categories?post=3651"},{"taxonomy":"post_tag","embeddable":true,"href":"https:\/\/des-cat.infd.edu.ar\/sitio\/wp-json\/wp\/v2\/tags?post=3651"}],"curies":[{"name":"wp","href":"https:\/\/api.w.org\/{rel}","templated":true}]}}