{"id":3632,"date":"2025-08-12T10:00:44","date_gmt":"2025-08-12T13:00:44","guid":{"rendered":"https:\/\/des-cat.infd.edu.ar\/sitio\/?p=3632"},"modified":"2025-08-12T10:00:59","modified_gmt":"2025-08-12T13:00:59","slug":"nomina-de-certificaciones-disponibles","status":"publish","type":"post","link":"https:\/\/des-cat.infd.edu.ar\/sitio\/nomina-de-certificaciones-disponibles\/","title":{"rendered":"N\u00f3mina de Certificaciones disponibles"},"content":{"rendered":"<h5 style=\"text-align: center;\"><em><strong>N\u00f3mina de Certificaciones disponibles para retirar<\/strong><\/em><\/h5>\n<p>La Direcci\u00f3n Provincial de Educaci\u00f3n Superior informa que se encuentran disponibles para retirar certificaciones de Actualizaciones Acad\u00e9micas desarrolladas entre los a\u00f1os 2018 y 2023. Las mismas pueden retirarse por las oficinas de la Direcci\u00f3n, ubicadas en el Pabell\u00f3n N\u00b0 13 en planta alta del Centro Administrativo del Poder Ejecutivo (CAPE), de lunes a viernes en el horario de <strong>8:30 a 12:30<\/strong>.<\/p>\n<p>La entrega se realizar\u00e1 \u00fanicamente de manera presencial al titular de la certificaci\u00f3n o persona autorizada por la misma, la cual debe asistir con nota de autorizaci\u00f3n firmada por el titular.<\/p>\n<p>A continuaci\u00f3n, se adjunta enlace del listado de certificaciones disponibles:<\/p>\n<p><img decoding=\"async\" loading=\"lazy\" class=\"alignnone  wp-image-3622\" src=\"https:\/\/des-cat.infd.edu.ar\/sitio\/wp-content\/uploads\/2025\/08\/icon-pdf.png\" alt=\"\" width=\"33\" height=\"33\" srcset=\"https:\/\/des-cat.infd.edu.ar\/sitio\/wp-content\/uploads\/2025\/08\/icon-pdf.png 512w, https:\/\/des-cat.infd.edu.ar\/sitio\/wp-content\/uploads\/2025\/08\/icon-pdf-500x500.png 500w\" sizes=\"(max-width: 33px) 100vw, 33px\" \/> <em><a href=\"https:\/\/drive.google.com\/file\/d\/1UEAdURP6eUNfB41MO9VvbMHmA57tvOwN\/view?usp=sharing\" target=\"_blank\" rel=\"noopener\">ACTUALIZACI\u00d3N ACAD\u00c9MICA EN EDUCACI\u00d3N SEXUAL INTEGRAL<\/a><\/em><\/p>\n<p><img decoding=\"async\" loading=\"lazy\" class=\"alignnone  wp-image-3622\" src=\"https:\/\/des-cat.infd.edu.ar\/sitio\/wp-content\/uploads\/2025\/08\/icon-pdf.png\" alt=\"\" width=\"33\" height=\"33\" srcset=\"https:\/\/des-cat.infd.edu.ar\/sitio\/wp-content\/uploads\/2025\/08\/icon-pdf.png 512w, https:\/\/des-cat.infd.edu.ar\/sitio\/wp-content\/uploads\/2025\/08\/icon-pdf-500x500.png 500w\" sizes=\"(max-width: 33px) 100vw, 33px\" \/> <em><a href=\"https:\/\/drive.google.com\/file\/d\/187ZOgrm3EcKbjxB0yiW1HtdJrzfJL2wW\/view?usp=sharing\" target=\"_blank\" rel=\"noopener\">ACTUALIZACIONES ACAD\u00c9MICAS CLARA J. ARMSTRONG<\/a><\/em><\/p>\n<p>Ante cualquier duda, puede realizar su consulta a la siguiente direcci\u00f3n de correo electr\u00f3nico <a href=\"mailto:certificacionessuperiorcat@gmail.com\">certificacionessuperiorcat@gmail.com<\/a><\/p>\n","protected":false},"excerpt":{"rendered":"<p>N\u00f3mina de Certificaciones disponibles para retirar La Direcci\u00f3n Provincial de Educaci\u00f3n Superior informa que se encuentran disponibles para retirar certificaciones de Actualizaciones Acad\u00e9micas desarrolladas entre los a\u00f1os 2018 y 2023. Las mismas pueden retirarse por las oficinas de la Direcci\u00f3n, ubicadas en el Pabell\u00f3n N\u00b0 13 en planta alta del Centro Administrativo del Poder Ejecutivo &#8230; <a title=\"N\u00f3mina de Certificaciones disponibles\" class=\"read-more\" href=\"https:\/\/des-cat.infd.edu.ar\/sitio\/nomina-de-certificaciones-disponibles\/\" aria-label=\"More on N\u00f3mina de Certificaciones disponibles\">[+]<\/a><\/p>\n","protected":false},"author":45,"featured_media":3636,"comment_status":"closed","ping_status":"closed","sticky":false,"template":"","format":"standard","meta":[],"categories":[1],"tags":[],"acf":[],"_links":{"self":[{"href":"https:\/\/des-cat.infd.edu.ar\/sitio\/wp-json\/wp\/v2\/posts\/3632"}],"collection":[{"href":"https:\/\/des-cat.infd.edu.ar\/sitio\/wp-json\/wp\/v2\/posts"}],"about":[{"href":"https:\/\/des-cat.infd.edu.ar\/sitio\/wp-json\/wp\/v2\/types\/post"}],"author":[{"embeddable":true,"href":"https:\/\/des-cat.infd.edu.ar\/sitio\/wp-json\/wp\/v2\/users\/45"}],"replies":[{"embeddable":true,"href":"https:\/\/des-cat.infd.edu.ar\/sitio\/wp-json\/wp\/v2\/comments?post=3632"}],"version-history":[{"count":1,"href":"https:\/\/des-cat.infd.edu.ar\/sitio\/wp-json\/wp\/v2\/posts\/3632\/revisions"}],"predecessor-version":[{"id":3635,"href":"https:\/\/des-cat.infd.edu.ar\/sitio\/wp-json\/wp\/v2\/posts\/3632\/revisions\/3635"}],"wp:featuredmedia":[{"embeddable":true,"href":"https:\/\/des-cat.infd.edu.ar\/sitio\/wp-json\/wp\/v2\/media\/3636"}],"wp:attachment":[{"href":"https:\/\/des-cat.infd.edu.ar\/sitio\/wp-json\/wp\/v2\/media?parent=3632"}],"wp:term":[{"taxonomy":"category","embeddable":true,"href":"https:\/\/des-cat.infd.edu.ar\/sitio\/wp-json\/wp\/v2\/categories?post=3632"},{"taxonomy":"post_tag","embeddable":true,"href":"https:\/\/des-cat.infd.edu.ar\/sitio\/wp-json\/wp\/v2\/tags?post=3632"}],"curies":[{"name":"wp","href":"https:\/\/api.w.org\/{rel}","templated":true}]}}