{"id":3591,"date":"2025-07-01T12:57:20","date_gmt":"2025-07-01T15:57:20","guid":{"rendered":"https:\/\/des-cat.infd.edu.ar\/sitio\/?p=3591"},"modified":"2025-07-01T12:57:21","modified_gmt":"2025-07-01T15:57:21","slug":"restauracion-y-pintada-de-20-pizarras-en-la-sede-sur","status":"publish","type":"post","link":"https:\/\/des-cat.infd.edu.ar\/sitio\/restauracion-y-pintada-de-20-pizarras-en-la-sede-sur\/","title":{"rendered":"Restauraci\u00f3n y pintada de 20 pizarras en la sede sur"},"content":{"rendered":"<p>El d\u00eda s\u00e1bado se realiz\u00f3 la restauraci\u00f3n y pintada de 20 pizarras en la sede sur. Esta actividad cont\u00f3 con la coordinaci\u00f3n del Centro de estudiantes, la colaboraci\u00f3n de nuestro docente el Dr. Ram\u00f3n Figueroa Castellanos quien nos don\u00f3 gentilmente los insumos materiales y el recurso humano. Fue una actividad dirigida por el arquitecto Ra\u00fal Cano con su equipo de colaboradores que se acercaron a trabajar en nuestro IES. Tambi\u00e9n en la jornada participaron el secretario t\u00e9cnico el profesor Marcelo Perea, nuestra administrativa Alejandra Brizuela, la jefa de Dpto. Alumnos profe Elena D\u00edaz, las docentes Profesora Florencia Nieva Barros y Judith N\u00fa\u00f1ez y nuestras bedeles Ver\u00f3nica Trabazo y Dayana Luna. Al igual que muchos alumnos de las carreras de Intelectual, Neuro, Historia, Ciegos y Sordos con la colaboraci\u00f3n de servicios generales del Sr Luis Robledo, acompa\u00f1ados por nuestra rectora Prof. Alejandra Del Prete, quien destac\u00f3 que el trabajo en equipo es la base para llevar adelante acciones que ayuden a mejorar en todo sentido nuestra instituci\u00f3n.<br \/>Gracias a todos los que dijeron presente!!! A pesar de haber sido un s\u00e1bado. Seguimos trabajando por m\u00e1s!!!<\/p>\n\n\n<figure class=\"wp-block-gallery has-nested-images columns-default is-cropped wp-block-gallery-1 is-layout-flex\">\n<figure class=\"wp-block-image size-large\"><img decoding=\"async\" loading=\"lazy\" width=\"1200\" height=\"900\" data-id=\"3596\"  src=\"https:\/\/des-cat.infd.edu.ar\/sitio\/wp-content\/uploads\/2025\/07\/IMG-20250701-WA0003.jpg\" alt=\"\" class=\"wp-image-3596\" srcset=\"https:\/\/des-cat.infd.edu.ar\/sitio\/wp-content\/uploads\/2025\/07\/IMG-20250701-WA0003.jpg 1200w, https:\/\/des-cat.infd.edu.ar\/sitio\/wp-content\/uploads\/2025\/07\/IMG-20250701-WA0003-1000x750.jpg 1000w, https:\/\/des-cat.infd.edu.ar\/sitio\/wp-content\/uploads\/2025\/07\/IMG-20250701-WA0003-768x576.jpg 768w\" sizes=\"(max-width: 1200px) 100vw, 1200px\" \/><\/figure>\n\n\n\n<figure class=\"wp-block-image size-large\"><img decoding=\"async\" loading=\"lazy\" width=\"1170\" height=\"1095\" data-id=\"3593\"  src=\"https:\/\/des-cat.infd.edu.ar\/sitio\/wp-content\/uploads\/2025\/07\/IMG-20250701-WA0004.jpg\" alt=\"\" class=\"wp-image-3593\" srcset=\"https:\/\/des-cat.infd.edu.ar\/sitio\/wp-content\/uploads\/2025\/07\/IMG-20250701-WA0004.jpg 1170w, https:\/\/des-cat.infd.edu.ar\/sitio\/wp-content\/uploads\/2025\/07\/IMG-20250701-WA0004-1000x936.jpg 1000w, https:\/\/des-cat.infd.edu.ar\/sitio\/wp-content\/uploads\/2025\/07\/IMG-20250701-WA0004-768x719.jpg 768w\" sizes=\"(max-width: 1170px) 100vw, 1170px\" \/><\/figure>\n\n\n\n<figure class=\"wp-block-image size-large\"><img decoding=\"async\" loading=\"lazy\" width=\"1170\" height=\"1022\" data-id=\"3595\"  src=\"https:\/\/des-cat.infd.edu.ar\/sitio\/wp-content\/uploads\/2025\/07\/IMG-20250701-WA0005.jpg\" alt=\"\" class=\"wp-image-3595\" srcset=\"https:\/\/des-cat.infd.edu.ar\/sitio\/wp-content\/uploads\/2025\/07\/IMG-20250701-WA0005.jpg 1170w, https:\/\/des-cat.infd.edu.ar\/sitio\/wp-content\/uploads\/2025\/07\/IMG-20250701-WA0005-1000x874.jpg 1000w, https:\/\/des-cat.infd.edu.ar\/sitio\/wp-content\/uploads\/2025\/07\/IMG-20250701-WA0005-768x671.jpg 768w\" sizes=\"(max-width: 1170px) 100vw, 1170px\" \/><\/figure>\n\n\n\n<figure class=\"wp-block-image size-large\"><img decoding=\"async\" loading=\"lazy\" width=\"1170\" height=\"1038\" data-id=\"3594\"  src=\"https:\/\/des-cat.infd.edu.ar\/sitio\/wp-content\/uploads\/2025\/07\/IMG-20250701-WA0006.jpg\" alt=\"\" class=\"wp-image-3594\" srcset=\"https:\/\/des-cat.infd.edu.ar\/sitio\/wp-content\/uploads\/2025\/07\/IMG-20250701-WA0006.jpg 1170w, https:\/\/des-cat.infd.edu.ar\/sitio\/wp-content\/uploads\/2025\/07\/IMG-20250701-WA0006-1000x887.jpg 1000w, https:\/\/des-cat.infd.edu.ar\/sitio\/wp-content\/uploads\/2025\/07\/IMG-20250701-WA0006-768x681.jpg 768w\" sizes=\"(max-width: 1170px) 100vw, 1170px\" \/><\/figure>\n<\/figure>\n","protected":false},"excerpt":{"rendered":"<p>El d\u00eda s\u00e1bado se realiz\u00f3 la restauraci\u00f3n y pintada de 20 pizarras en la sede sur. Esta actividad cont\u00f3 con la coordinaci\u00f3n del Centro de estudiantes, la colaboraci\u00f3n de nuestro docente el Dr. Ram\u00f3n Figueroa Castellanos quien nos don\u00f3 gentilmente los insumos materiales y el recurso humano. Fue una actividad dirigida por el arquitecto Ra\u00fal &#8230; <a title=\"Restauraci\u00f3n y pintada de 20 pizarras en la sede sur\" class=\"read-more\" href=\"https:\/\/des-cat.infd.edu.ar\/sitio\/restauracion-y-pintada-de-20-pizarras-en-la-sede-sur\/\" aria-label=\"More on Restauraci\u00f3n y pintada de 20 pizarras en la sede sur\">[+]<\/a><\/p>\n","protected":false},"author":45,"featured_media":3592,"comment_status":"closed","ping_status":"closed","sticky":false,"template":"","format":"standard","meta":[],"categories":[53],"tags":[],"acf":[],"_links":{"self":[{"href":"https:\/\/des-cat.infd.edu.ar\/sitio\/wp-json\/wp\/v2\/posts\/3591"}],"collection":[{"href":"https:\/\/des-cat.infd.edu.ar\/sitio\/wp-json\/wp\/v2\/posts"}],"about":[{"href":"https:\/\/des-cat.infd.edu.ar\/sitio\/wp-json\/wp\/v2\/types\/post"}],"author":[{"embeddable":true,"href":"https:\/\/des-cat.infd.edu.ar\/sitio\/wp-json\/wp\/v2\/users\/45"}],"replies":[{"embeddable":true,"href":"https:\/\/des-cat.infd.edu.ar\/sitio\/wp-json\/wp\/v2\/comments?post=3591"}],"version-history":[{"count":1,"href":"https:\/\/des-cat.infd.edu.ar\/sitio\/wp-json\/wp\/v2\/posts\/3591\/revisions"}],"predecessor-version":[{"id":3597,"href":"https:\/\/des-cat.infd.edu.ar\/sitio\/wp-json\/wp\/v2\/posts\/3591\/revisions\/3597"}],"wp:featuredmedia":[{"embeddable":true,"href":"https:\/\/des-cat.infd.edu.ar\/sitio\/wp-json\/wp\/v2\/media\/3592"}],"wp:attachment":[{"href":"https:\/\/des-cat.infd.edu.ar\/sitio\/wp-json\/wp\/v2\/media?parent=3591"}],"wp:term":[{"taxonomy":"category","embeddable":true,"href":"https:\/\/des-cat.infd.edu.ar\/sitio\/wp-json\/wp\/v2\/categories?post=3591"},{"taxonomy":"post_tag","embeddable":true,"href":"https:\/\/des-cat.infd.edu.ar\/sitio\/wp-json\/wp\/v2\/tags?post=3591"}],"curies":[{"name":"wp","href":"https:\/\/api.w.org\/{rel}","templated":true}]}}