{"id":3540,"date":"2025-06-19T12:34:42","date_gmt":"2025-06-19T15:34:42","guid":{"rendered":"https:\/\/des-cat.infd.edu.ar\/sitio\/?p=3540"},"modified":"2025-06-23T12:48:47","modified_gmt":"2025-06-23T15:48:47","slug":"firma-de-convenio-marco-con-la-agronomia-de-zona-santa-maria-del-yokavil","status":"publish","type":"post","link":"https:\/\/des-cat.infd.edu.ar\/sitio\/firma-de-convenio-marco-con-la-agronomia-de-zona-santa-maria-del-yokavil\/","title":{"rendered":"Firma de Convenio Marco con la Agronom\u00eda de Zona Santa Mar\u00eda del Yokavil"},"content":{"rendered":"<p style=\"text-align: justify;\"><img decoding=\"async\" loading=\"lazy\" class=\"alignnone  wp-image-3542\" src=\"https:\/\/des-cat.infd.edu.ar\/sitio\/wp-content\/uploads\/2025\/06\/IMG-20250619-WA0008-462x1000.jpg\" alt=\"\" width=\"327\" height=\"708\" srcset=\"https:\/\/des-cat.infd.edu.ar\/sitio\/wp-content\/uploads\/2025\/06\/IMG-20250619-WA0008-462x1000.jpg 462w, https:\/\/des-cat.infd.edu.ar\/sitio\/wp-content\/uploads\/2025\/06\/IMG-20250619-WA0008.jpg 591w\" sizes=\"(max-width: 327px) 100vw, 327px\" \/> <img decoding=\"async\" loading=\"lazy\" class=\"alignnone  wp-image-3543\" src=\"https:\/\/des-cat.infd.edu.ar\/sitio\/wp-content\/uploads\/2025\/06\/IMG-20250619-WA0009-462x1000.jpg\" alt=\"\" width=\"327\" height=\"708\" srcset=\"https:\/\/des-cat.infd.edu.ar\/sitio\/wp-content\/uploads\/2025\/06\/IMG-20250619-WA0009-462x1000.jpg 462w, https:\/\/des-cat.infd.edu.ar\/sitio\/wp-content\/uploads\/2025\/06\/IMG-20250619-WA0009.jpg 591w\" sizes=\"(max-width: 327px) 100vw, 327px\" \/> <img decoding=\"async\" loading=\"lazy\" class=\"alignnone  wp-image-3544\" src=\"https:\/\/des-cat.infd.edu.ar\/sitio\/wp-content\/uploads\/2025\/06\/IMG-20250619-WA0010-462x1000.jpg\" alt=\"\" width=\"327\" height=\"708\" srcset=\"https:\/\/des-cat.infd.edu.ar\/sitio\/wp-content\/uploads\/2025\/06\/IMG-20250619-WA0010-462x1000.jpg 462w, https:\/\/des-cat.infd.edu.ar\/sitio\/wp-content\/uploads\/2025\/06\/IMG-20250619-WA0010.jpg 591w\" sizes=\"(max-width: 327px) 100vw, 327px\" \/>El IES Santa Mar\u00eda concret\u00f3, el d\u00eda 17 de junio del corriente a\u00f1o, la firma de un Convenio Marco de Cooperaci\u00f3n con la Agronom\u00eda de Zona Santa Mar\u00eda del Yokavil, representada por el Ing. Agr\u00f3nomo Pedro Cancinos.El acuerdo establece l\u00edneas de trabajo conjunto en capacitaci\u00f3n, asistencia t\u00e9cnica y pr\u00e1cticas profesionalizantes para estudiantes de la Tecnicatura Superior en Producci\u00f3n Agraria para Zonas \u00c1ridas.<br \/>\nEsta alianza tiene como prop\u00f3sito impulsar la formaci\u00f3n t\u00e9cnica de nuestros estudiantes, integrando pr\u00e1cticas profesionalizantes, capacitaciones y asistencia t\u00e9cnica en articulaci\u00f3n directa con el territorio.<br \/>\n\u00a1Seguimos fortaleciendo v\u00ednculos con los sectores productivos para una educaci\u00f3n t\u00e9cnica con compromiso y calidad!<\/p>\n","protected":false},"excerpt":{"rendered":"<p>El IES Santa Mar\u00eda concret\u00f3, el d\u00eda 17 de junio del corriente a\u00f1o, la firma de un Convenio Marco de Cooperaci\u00f3n con la Agronom\u00eda de Zona Santa Mar\u00eda del Yokavil, representada por el Ing. Agr\u00f3nomo Pedro Cancinos.El acuerdo establece l\u00edneas de trabajo conjunto en capacitaci\u00f3n, asistencia t\u00e9cnica y pr\u00e1cticas profesionalizantes para estudiantes de la Tecnicatura &#8230; <a title=\"Firma de Convenio Marco con la Agronom\u00eda de Zona Santa Mar\u00eda del Yokavil\" class=\"read-more\" href=\"https:\/\/des-cat.infd.edu.ar\/sitio\/firma-de-convenio-marco-con-la-agronomia-de-zona-santa-maria-del-yokavil\/\" aria-label=\"More on Firma de Convenio Marco con la Agronom\u00eda de Zona Santa Mar\u00eda del Yokavil\">[+]<\/a><\/p>\n","protected":false},"author":45,"featured_media":3541,"comment_status":"closed","ping_status":"closed","sticky":false,"template":"","format":"standard","meta":[],"categories":[53],"tags":[],"acf":[],"_links":{"self":[{"href":"https:\/\/des-cat.infd.edu.ar\/sitio\/wp-json\/wp\/v2\/posts\/3540"}],"collection":[{"href":"https:\/\/des-cat.infd.edu.ar\/sitio\/wp-json\/wp\/v2\/posts"}],"about":[{"href":"https:\/\/des-cat.infd.edu.ar\/sitio\/wp-json\/wp\/v2\/types\/post"}],"author":[{"embeddable":true,"href":"https:\/\/des-cat.infd.edu.ar\/sitio\/wp-json\/wp\/v2\/users\/45"}],"replies":[{"embeddable":true,"href":"https:\/\/des-cat.infd.edu.ar\/sitio\/wp-json\/wp\/v2\/comments?post=3540"}],"version-history":[{"count":3,"href":"https:\/\/des-cat.infd.edu.ar\/sitio\/wp-json\/wp\/v2\/posts\/3540\/revisions"}],"predecessor-version":[{"id":3547,"href":"https:\/\/des-cat.infd.edu.ar\/sitio\/wp-json\/wp\/v2\/posts\/3540\/revisions\/3547"}],"wp:featuredmedia":[{"embeddable":true,"href":"https:\/\/des-cat.infd.edu.ar\/sitio\/wp-json\/wp\/v2\/media\/3541"}],"wp:attachment":[{"href":"https:\/\/des-cat.infd.edu.ar\/sitio\/wp-json\/wp\/v2\/media?parent=3540"}],"wp:term":[{"taxonomy":"category","embeddable":true,"href":"https:\/\/des-cat.infd.edu.ar\/sitio\/wp-json\/wp\/v2\/categories?post=3540"},{"taxonomy":"post_tag","embeddable":true,"href":"https:\/\/des-cat.infd.edu.ar\/sitio\/wp-json\/wp\/v2\/tags?post=3540"}],"curies":[{"name":"wp","href":"https:\/\/api.w.org\/{rel}","templated":true}]}}