{"id":3524,"date":"2025-06-19T11:20:38","date_gmt":"2025-06-19T14:20:38","guid":{"rendered":"https:\/\/des-cat.infd.edu.ar\/sitio\/?p=3524"},"modified":"2025-06-23T12:49:19","modified_gmt":"2025-06-23T15:49:19","slug":"jornadas-de-divulgacion-y-actualizacion","status":"publish","type":"post","link":"https:\/\/des-cat.infd.edu.ar\/sitio\/jornadas-de-divulgacion-y-actualizacion\/","title":{"rendered":"JORNADAS DE DIVULGACI\u00d3N Y ACTUALIZACI\u00d3N"},"content":{"rendered":"<p style=\"text-align: justify;\">En los d\u00edas 8 y 9 de Octubre del presente a\u00f1o se realizar\u00e1n las JORNADAS DE DIVULGACI\u00d3N Y ACTUALIZACI\u00d3N sobre \u201cEL APROVECHAMIENTO DE LAS ENERG\u00cdAS RENOVABLES EN LA GEOGRAF\u00cdA DE CATAMARCA\u201d en el \u00e1mbito de la educaci\u00f3n, investigaci\u00f3n cient\u00edfica y desarrollo empresarial.<\/p>\n<p style=\"text-align: justify;\">Las Jornadas est\u00e1n organizadas por las carreras del Profesorado de Geograf\u00eda del IES Clara J. Armstrong y la Tecnicatura Superior en Gesti\u00f3n de Energ\u00edas Renovables, Uso Racional y Eficiencia Energ\u00e9tica del Instituto Superior T\u00e9cnico Industrial ISTI Dr. Kirchner.<\/p>\n<p style=\"text-align: justify;\">Dirigido a: Docentes y estudiantes del nivel medio y superior, interesados en las tem\u00e1ticas y p\u00fablico en general, etc.<br \/>\nSe adjunta Circular con las pautas de participaci\u00f3n para presentaci\u00f3n\u00a0de\u00a0res\u00famenes.<\/p>\n<p><img decoding=\"async\" loading=\"lazy\" class=\"alignnone size-full wp-image-842\" src=\"https:\/\/des-cat.infd.edu.ar\/sitio\/wp-content\/uploads\/2018\/08\/icon_3_pdf_x16.png\" alt=\"\" width=\"16\" height=\"16\" \/> <a href=\"https:\/\/drive.google.com\/file\/d\/1MYM8WD-1ZJGUVkJezKyoqcMlJc5cv08H\/view?usp=sharing\" target=\"_blank\" rel=\"noopener\"><span style=\"color: #0000ff;\"><em><strong>Jornadas de Energ\u00edas Renovables<\/strong><\/em><\/span><\/a><\/p>\n","protected":false},"excerpt":{"rendered":"<p>En los d\u00edas 8 y 9 de Octubre del presente a\u00f1o se realizar\u00e1n las JORNADAS DE DIVULGACI\u00d3N Y ACTUALIZACI\u00d3N sobre \u201cEL APROVECHAMIENTO DE LAS ENERG\u00cdAS RENOVABLES EN LA GEOGRAF\u00cdA DE CATAMARCA\u201d en el \u00e1mbito de la educaci\u00f3n, investigaci\u00f3n cient\u00edfica y desarrollo empresarial. Las Jornadas est\u00e1n organizadas por las carreras del Profesorado de Geograf\u00eda del IES &#8230; <a title=\"JORNADAS DE DIVULGACI\u00d3N Y ACTUALIZACI\u00d3N\" class=\"read-more\" href=\"https:\/\/des-cat.infd.edu.ar\/sitio\/jornadas-de-divulgacion-y-actualizacion\/\" aria-label=\"More on JORNADAS DE DIVULGACI\u00d3N Y ACTUALIZACI\u00d3N\">[+]<\/a><\/p>\n","protected":false},"author":45,"featured_media":3525,"comment_status":"closed","ping_status":"closed","sticky":false,"template":"","format":"standard","meta":[],"categories":[53],"tags":[],"acf":[],"_links":{"self":[{"href":"https:\/\/des-cat.infd.edu.ar\/sitio\/wp-json\/wp\/v2\/posts\/3524"}],"collection":[{"href":"https:\/\/des-cat.infd.edu.ar\/sitio\/wp-json\/wp\/v2\/posts"}],"about":[{"href":"https:\/\/des-cat.infd.edu.ar\/sitio\/wp-json\/wp\/v2\/types\/post"}],"author":[{"embeddable":true,"href":"https:\/\/des-cat.infd.edu.ar\/sitio\/wp-json\/wp\/v2\/users\/45"}],"replies":[{"embeddable":true,"href":"https:\/\/des-cat.infd.edu.ar\/sitio\/wp-json\/wp\/v2\/comments?post=3524"}],"version-history":[{"count":3,"href":"https:\/\/des-cat.infd.edu.ar\/sitio\/wp-json\/wp\/v2\/posts\/3524\/revisions"}],"predecessor-version":[{"id":3528,"href":"https:\/\/des-cat.infd.edu.ar\/sitio\/wp-json\/wp\/v2\/posts\/3524\/revisions\/3528"}],"wp:featuredmedia":[{"embeddable":true,"href":"https:\/\/des-cat.infd.edu.ar\/sitio\/wp-json\/wp\/v2\/media\/3525"}],"wp:attachment":[{"href":"https:\/\/des-cat.infd.edu.ar\/sitio\/wp-json\/wp\/v2\/media?parent=3524"}],"wp:term":[{"taxonomy":"category","embeddable":true,"href":"https:\/\/des-cat.infd.edu.ar\/sitio\/wp-json\/wp\/v2\/categories?post=3524"},{"taxonomy":"post_tag","embeddable":true,"href":"https:\/\/des-cat.infd.edu.ar\/sitio\/wp-json\/wp\/v2\/tags?post=3524"}],"curies":[{"name":"wp","href":"https:\/\/api.w.org\/{rel}","templated":true}]}}