{"id":3426,"date":"2024-06-13T20:46:45","date_gmt":"2024-06-13T23:46:45","guid":{"rendered":"https:\/\/des-cat.infd.edu.ar\/sitio\/?p=3426"},"modified":"2025-06-23T12:49:51","modified_gmt":"2025-06-23T15:49:51","slug":"visitando-el-ies-de-tinogasta","status":"publish","type":"post","link":"https:\/\/des-cat.infd.edu.ar\/sitio\/visitando-el-ies-de-tinogasta\/","title":{"rendered":"Visitando el IES de Tinogasta"},"content":{"rendered":"\n<figure class=\"wp-block-gallery has-nested-images columns-default is-cropped wp-block-gallery-1 is-layout-flex\">\n<figure class=\"wp-block-image size-large\"><img decoding=\"async\" loading=\"lazy\" width=\"1600\" height=\"1200\" data-id=\"3433\"  src=\"https:\/\/des-cat.infd.edu.ar\/sitio\/wp-content\/uploads\/2024\/06\/417439015_875504347948082_3852408235718390988_n.jpg\" alt=\"\" class=\"wp-image-3433\" srcset=\"https:\/\/des-cat.infd.edu.ar\/sitio\/wp-content\/uploads\/2024\/06\/417439015_875504347948082_3852408235718390988_n.jpg 1600w, https:\/\/des-cat.infd.edu.ar\/sitio\/wp-content\/uploads\/2024\/06\/417439015_875504347948082_3852408235718390988_n-1000x750.jpg 1000w, https:\/\/des-cat.infd.edu.ar\/sitio\/wp-content\/uploads\/2024\/06\/417439015_875504347948082_3852408235718390988_n-768x576.jpg 768w, https:\/\/des-cat.infd.edu.ar\/sitio\/wp-content\/uploads\/2024\/06\/417439015_875504347948082_3852408235718390988_n-1536x1152.jpg 1536w\" sizes=\"(max-width: 1600px) 100vw, 1600px\" \/><\/figure>\n\n\n\n<figure class=\"wp-block-image size-large\"><img decoding=\"async\" loading=\"lazy\" width=\"1600\" height=\"1200\" data-id=\"3435\"  src=\"https:\/\/des-cat.infd.edu.ar\/sitio\/wp-content\/uploads\/2024\/06\/448224552_875504391281411_4135429278570113984_n.jpg\" alt=\"\" class=\"wp-image-3435\" srcset=\"https:\/\/des-cat.infd.edu.ar\/sitio\/wp-content\/uploads\/2024\/06\/448224552_875504391281411_4135429278570113984_n.jpg 1600w, https:\/\/des-cat.infd.edu.ar\/sitio\/wp-content\/uploads\/2024\/06\/448224552_875504391281411_4135429278570113984_n-1000x750.jpg 1000w, https:\/\/des-cat.infd.edu.ar\/sitio\/wp-content\/uploads\/2024\/06\/448224552_875504391281411_4135429278570113984_n-768x576.jpg 768w, https:\/\/des-cat.infd.edu.ar\/sitio\/wp-content\/uploads\/2024\/06\/448224552_875504391281411_4135429278570113984_n-1536x1152.jpg 1536w\" sizes=\"(max-width: 1600px) 100vw, 1600px\" \/><\/figure>\n\n\n\n<figure class=\"wp-block-image size-large\"><img decoding=\"async\" loading=\"lazy\" width=\"1600\" height=\"1200\" data-id=\"3434\"  src=\"https:\/\/des-cat.infd.edu.ar\/sitio\/wp-content\/uploads\/2024\/06\/448303424_875504977948019_1482530841083958867_n.jpg\" alt=\"\" class=\"wp-image-3434\" srcset=\"https:\/\/des-cat.infd.edu.ar\/sitio\/wp-content\/uploads\/2024\/06\/448303424_875504977948019_1482530841083958867_n.jpg 1600w, https:\/\/des-cat.infd.edu.ar\/sitio\/wp-content\/uploads\/2024\/06\/448303424_875504977948019_1482530841083958867_n-1000x750.jpg 1000w, https:\/\/des-cat.infd.edu.ar\/sitio\/wp-content\/uploads\/2024\/06\/448303424_875504977948019_1482530841083958867_n-768x576.jpg 768w, https:\/\/des-cat.infd.edu.ar\/sitio\/wp-content\/uploads\/2024\/06\/448303424_875504977948019_1482530841083958867_n-1536x1152.jpg 1536w\" sizes=\"(max-width: 1600px) 100vw, 1600px\" \/><\/figure>\n<\/figure>\n\n\n<div style=\"text-align: justify;\">\n<div class=\"xdj266r x11i5rnm xat24cr x1mh8g0r x1vvkbs x126k92a\">\n<div dir=\"auto\"><span class=\"html-span xexx8yu x4uap5 x18d9i69 xkhd6sd x1hl2dhg x16tdsg8 x1vvkbs x3nfvp2 x1j61x8r x1fcty0u xdj266r xat24cr xgzva0m xhhsvwb xxymvpz xlup9mm x1kky2od\"><img decoding=\"async\" loading=\"lazy\" class=\"xz74otr\" src=\"https:\/\/static.xx.fbcdn.net\/images\/emoji.php\/v9\/t48\/1\/16\/21aa.png\" alt=\"&#x21aa;&#xfe0f;\" width=\"16\" height=\"16\" \/><\/span> Con el prop\u00f3sito de establecer l\u00edneas de trabajo, para la concreci\u00f3n de un proyecto de investigaci\u00f3n a trav\u00e9s de un convenio entre la UBA y el IES de Tinogasta, el ministro de Educaci\u00f3n, Dalmacio Mera acompa\u00f1ado por el director de Educaci\u00f3n Superior, Alexi Jerez y el de Educaci\u00f3n Agrot\u00e9cnica, Mat\u00edas Cabrera, visit\u00f3 el Instituto de Educaci\u00f3n Superior de Tinogasta <span class=\"html-span xexx8yu x4uap5 x18d9i69 xkhd6sd x1hl2dhg x16tdsg8 x1vvkbs x3nfvp2 x1j61x8r x1fcty0u xdj266r xat24cr xgzva0m xhhsvwb xxymvpz xlup9mm x1kky2od\"><img decoding=\"async\" loading=\"lazy\" class=\"xz74otr\" src=\"https:\/\/static.xx.fbcdn.net\/images\/emoji.php\/v9\/t28\/1\/16\/1f3eb.png\" alt=\"&#x1f3eb;\" width=\"16\" height=\"16\" \/><\/span><\/div>\n<div dir=\"auto\">\u00a0<\/div>\n<\/div>\n<div class=\"x11i5rnm xat24cr x1mh8g0r x1vvkbs xtlvy1s x126k92a\">\n<div dir=\"auto\"><span class=\"html-span xexx8yu x4uap5 x18d9i69 xkhd6sd x1hl2dhg x16tdsg8 x1vvkbs x3nfvp2 x1j61x8r x1fcty0u xdj266r xat24cr xgzva0m xhhsvwb xxymvpz xlup9mm x1kky2od\"><img decoding=\"async\" loading=\"lazy\" class=\"xz74otr\" src=\"https:\/\/static.xx.fbcdn.net\/images\/emoji.php\/v9\/t33\/1\/16\/2705.png\" alt=\"&#x2705;&#xfe0f;\" width=\"16\" height=\"16\" \/><\/span> Durante el encuentro, los funcionarios dialogaron con el equipo de gesti\u00f3n de la instituci\u00f3n y con los alumnos brindando detalles sobre la ejecuci\u00f3n de importantes proyectos que fortalecer\u00e1n las trayectorias formativas de los estudiantes y la profesionalizaci\u00f3n docente, reforzando otras funciones propias del nivel, como la investigaci\u00f3n y la capacitaci\u00f3n <span class=\"html-span xexx8yu x4uap5 x18d9i69 xkhd6sd x1hl2dhg x16tdsg8 x1vvkbs x3nfvp2 x1j61x8r x1fcty0u xdj266r xat24cr xgzva0m xhhsvwb xxymvpz xlup9mm x1kky2od\"><img decoding=\"async\" loading=\"lazy\" class=\"xz74otr\" src=\"https:\/\/static.xx.fbcdn.net\/images\/emoji.php\/v9\/t42\/1\/16\/1f50e.png\" alt=\"&#x1f50e;\" width=\"16\" height=\"16\" \/><\/span><span class=\"html-span xexx8yu x4uap5 x18d9i69 xkhd6sd x1hl2dhg x16tdsg8 x1vvkbs x3nfvp2 x1j61x8r x1fcty0u xdj266r xat24cr xgzva0m xhhsvwb xxymvpz xlup9mm x1kky2od\"><img decoding=\"async\" loading=\"lazy\" class=\"xz74otr\" src=\"https:\/\/static.xx.fbcdn.net\/images\/emoji.php\/v9\/t69\/1\/16\/1f9d1_1f3fc_200d_1f3eb.png\" alt=\"&#x1f9d1;&#x1f3fc;&#x200d;&#x1f3eb;\" width=\"16\" height=\"16\" \/><\/span><\/div>\n<div dir=\"auto\">\u00a0<\/div>\n<\/div>\n<div class=\"x11i5rnm xat24cr x1mh8g0r x1vvkbs xtlvy1s x126k92a\">\n<div dir=\"auto\"><span class=\"html-span xexx8yu x4uap5 x18d9i69 xkhd6sd x1hl2dhg x16tdsg8 x1vvkbs x3nfvp2 x1j61x8r x1fcty0u xdj266r xat24cr xgzva0m xhhsvwb xxymvpz xlup9mm x1kky2od\"><img decoding=\"async\" loading=\"lazy\" class=\"xz74otr\" src=\"https:\/\/static.xx.fbcdn.net\/images\/emoji.php\/v9\/t51\/1\/16\/1f449.png\" alt=\"&#x1f449;\" width=\"16\" height=\"16\" \/><\/span> Finalmente, el titular de la cartera educativa local, junto a las autoridades recorrieron las aulas para establecer un di\u00e1logo con los alumnos y docentes, a fin de conocer sus intereses e inquietudes.<\/div>\n<\/div>\n<\/div>","protected":false},"excerpt":{"rendered":"<p>Con el prop\u00f3sito de establecer l\u00edneas de trabajo, para la concreci\u00f3n de un proyecto de investigaci\u00f3n a trav\u00e9s de un convenio entre la UBA y el IES de Tinogasta, el ministro de Educaci\u00f3n, Dalmacio Mera acompa\u00f1ado por el director de Educaci\u00f3n Superior, Alexi Jerez y el de Educaci\u00f3n Agrot\u00e9cnica, Mat\u00edas Cabrera, visit\u00f3 el Instituto de &#8230; <a title=\"Visitando el IES de Tinogasta\" class=\"read-more\" href=\"https:\/\/des-cat.infd.edu.ar\/sitio\/visitando-el-ies-de-tinogasta\/\" aria-label=\"More on Visitando el IES de Tinogasta\">[+]<\/a><\/p>\n","protected":false},"author":45,"featured_media":3427,"comment_status":"closed","ping_status":"closed","sticky":false,"template":"","format":"standard","meta":[],"categories":[53],"tags":[],"acf":[],"_links":{"self":[{"href":"https:\/\/des-cat.infd.edu.ar\/sitio\/wp-json\/wp\/v2\/posts\/3426"}],"collection":[{"href":"https:\/\/des-cat.infd.edu.ar\/sitio\/wp-json\/wp\/v2\/posts"}],"about":[{"href":"https:\/\/des-cat.infd.edu.ar\/sitio\/wp-json\/wp\/v2\/types\/post"}],"author":[{"embeddable":true,"href":"https:\/\/des-cat.infd.edu.ar\/sitio\/wp-json\/wp\/v2\/users\/45"}],"replies":[{"embeddable":true,"href":"https:\/\/des-cat.infd.edu.ar\/sitio\/wp-json\/wp\/v2\/comments?post=3426"}],"version-history":[{"count":9,"href":"https:\/\/des-cat.infd.edu.ar\/sitio\/wp-json\/wp\/v2\/posts\/3426\/revisions"}],"predecessor-version":[{"id":3444,"href":"https:\/\/des-cat.infd.edu.ar\/sitio\/wp-json\/wp\/v2\/posts\/3426\/revisions\/3444"}],"wp:featuredmedia":[{"embeddable":true,"href":"https:\/\/des-cat.infd.edu.ar\/sitio\/wp-json\/wp\/v2\/media\/3427"}],"wp:attachment":[{"href":"https:\/\/des-cat.infd.edu.ar\/sitio\/wp-json\/wp\/v2\/media?parent=3426"}],"wp:term":[{"taxonomy":"category","embeddable":true,"href":"https:\/\/des-cat.infd.edu.ar\/sitio\/wp-json\/wp\/v2\/categories?post=3426"},{"taxonomy":"post_tag","embeddable":true,"href":"https:\/\/des-cat.infd.edu.ar\/sitio\/wp-json\/wp\/v2\/tags?post=3426"}],"curies":[{"name":"wp","href":"https:\/\/api.w.org\/{rel}","templated":true}]}}