{"id":3181,"date":"2023-12-18T09:32:48","date_gmt":"2023-12-18T12:32:48","guid":{"rendered":"https:\/\/des-cat.infd.edu.ar\/sitio\/?p=3181"},"modified":"2025-06-23T12:46:10","modified_gmt":"2025-06-23T15:46:10","slug":"registros-experiencias-e-impacto-de-proyectos-de-capacitacion-perfeccionamiento-actualizacion-y-extension-para-la-formacion-docente-y-o-tecnica-de-los-ies-de-la-provincia","status":"publish","type":"post","link":"https:\/\/des-cat.infd.edu.ar\/sitio\/registros-experiencias-e-impacto-de-proyectos-de-capacitacion-perfeccionamiento-actualizacion-y-extension-para-la-formacion-docente-y-o-tecnica-de-los-ies-de-la-provincia\/","title":{"rendered":"REGISTROS, EXPERIENCIAS E IMPACTO DE PROYECTOS DE CAPACITACI\u00d3N, PERFECCIONAMIENTO, ACTUALIZACI\u00d3N Y EXTENSION PARA LA FORMACI\u00d3N DOCENTE Y\/O T\u00c9CNICA, DE LOS IES DE LA PROVINCIA"},"content":{"rendered":"<p><span style=\"font-size: revert;\">Los siguientes proyectos fueron concursados mediante Res. Ministerial N\u00b0724\/22, avalados por Disposiciones de la DPES N\u00b0124\/23 y N\u00b0 171\/23 y Res. Minist. N\u00b0 793\/23 para el periodo acad\u00e9mico 2023. Asimismo cuentan con un total de 22 proyectos ejectuados, con un total de 258 horas institucionales distribuidas, todo ello coordinado por el equipo T\u00e9cnico del \u00c1rea Pedag\u00f3gica y Curricular de la Direcci\u00f3n Provincial de Educaci\u00f3n Superior.\u00a0<\/span><\/p>\n<p>Parafraseando a Mariana Maggio resulta necesario \u00abPlantear un a<span style=\"font-size: revert;\">bordaje de reconocimientos. En lugar de decirle al estudiante todo lo que no sabe, poder mostrarnos mutuamente lo que estamos aprendiendo, y tomar decisiones que nos permitan ajustar las pr\u00e1cticas de la ense\u00f1anza\u00bb<\/span><\/p>\n<p><span style=\"font-size: revert;\">A continuaci\u00f3n se comparte la socializaci\u00f3n de proyectos llevados a cabo por los diferentes IES.\u00a0<\/span><\/p>\n<p><a href=\"https:\/\/es.padlet.com\/sssolemonje\/proyectos-del-rea-de-capacitaci-n-perfeccionamiento-actualiz-lfwa5hdwncybwe7n\" target=\"_blank\" rel=\"noopener\">LINK PROYECTOS EJECUTADOS<\/a><\/p>\n\n\n<p><\/p>\n","protected":false},"excerpt":{"rendered":"<p>Los siguientes proyectos fueron concursados mediante Res. Ministerial N\u00b0724\/22, avalados por Disposiciones de la DPES N\u00b0124\/23 y N\u00b0 171\/23 y Res. Minist. N\u00b0 793\/23 para el periodo acad\u00e9mico 2023. Asimismo cuentan con un total de 22 proyectos ejectuados, con un total de 258 horas institucionales distribuidas, todo ello coordinado por el equipo T\u00e9cnico del \u00c1rea &#8230; <a title=\"REGISTROS, EXPERIENCIAS E IMPACTO DE PROYECTOS DE CAPACITACI\u00d3N, PERFECCIONAMIENTO, ACTUALIZACI\u00d3N Y EXTENSION PARA LA FORMACI\u00d3N DOCENTE Y\/O T\u00c9CNICA, DE LOS IES DE LA PROVINCIA\" class=\"read-more\" href=\"https:\/\/des-cat.infd.edu.ar\/sitio\/registros-experiencias-e-impacto-de-proyectos-de-capacitacion-perfeccionamiento-actualizacion-y-extension-para-la-formacion-docente-y-o-tecnica-de-los-ies-de-la-provincia\/\" aria-label=\"More on REGISTROS, EXPERIENCIAS E IMPACTO DE PROYECTOS DE CAPACITACI\u00d3N, PERFECCIONAMIENTO, ACTUALIZACI\u00d3N Y EXTENSION PARA LA FORMACI\u00d3N DOCENTE Y\/O T\u00c9CNICA, DE LOS IES DE LA PROVINCIA\">[+]<\/a><\/p>\n","protected":false},"author":25057,"featured_media":0,"comment_status":"open","ping_status":"open","sticky":false,"template":"","format":"standard","meta":[],"categories":[53],"tags":[],"acf":[],"_links":{"self":[{"href":"https:\/\/des-cat.infd.edu.ar\/sitio\/wp-json\/wp\/v2\/posts\/3181"}],"collection":[{"href":"https:\/\/des-cat.infd.edu.ar\/sitio\/wp-json\/wp\/v2\/posts"}],"about":[{"href":"https:\/\/des-cat.infd.edu.ar\/sitio\/wp-json\/wp\/v2\/types\/post"}],"author":[{"embeddable":true,"href":"https:\/\/des-cat.infd.edu.ar\/sitio\/wp-json\/wp\/v2\/users\/25057"}],"replies":[{"embeddable":true,"href":"https:\/\/des-cat.infd.edu.ar\/sitio\/wp-json\/wp\/v2\/comments?post=3181"}],"version-history":[{"count":13,"href":"https:\/\/des-cat.infd.edu.ar\/sitio\/wp-json\/wp\/v2\/posts\/3181\/revisions"}],"predecessor-version":[{"id":3235,"href":"https:\/\/des-cat.infd.edu.ar\/sitio\/wp-json\/wp\/v2\/posts\/3181\/revisions\/3235"}],"wp:attachment":[{"href":"https:\/\/des-cat.infd.edu.ar\/sitio\/wp-json\/wp\/v2\/media?parent=3181"}],"wp:term":[{"taxonomy":"category","embeddable":true,"href":"https:\/\/des-cat.infd.edu.ar\/sitio\/wp-json\/wp\/v2\/categories?post=3181"},{"taxonomy":"post_tag","embeddable":true,"href":"https:\/\/des-cat.infd.edu.ar\/sitio\/wp-json\/wp\/v2\/tags?post=3181"}],"curies":[{"name":"wp","href":"https:\/\/api.w.org\/{rel}","templated":true}]}}