{"id":3173,"date":"2023-12-17T12:33:12","date_gmt":"2023-12-17T15:33:12","guid":{"rendered":"https:\/\/des-cat.infd.edu.ar\/sitio\/?p=3173"},"modified":"2025-06-23T12:46:34","modified_gmt":"2025-06-23T15:46:34","slug":"fortalecimiento-institucional-en-catamarca-2023","status":"publish","type":"post","link":"https:\/\/des-cat.infd.edu.ar\/sitio\/fortalecimiento-institucional-en-catamarca-2023\/","title":{"rendered":"FORTALECIMIENTO INSTITUCIONAL EN CATAMARCA 2023"},"content":{"rendered":"<p>La l\u00ednea de Fortalecimiento Institucional surge y se configura como una pol\u00edtica educativa p\u00fablica y de necesidad de re vincular a los estudiantes de nivel superior y de acompa\u00f1amiento a las trayectorias durante el periodo de ASPO (Aislamiento Social Preventivo Obligatorio) en el a\u00f1o 2020.<\/p>\n<p>Por su parte, la <span style=\"font-size: revert;\">\u00a0convocatoria nacional 2023 se estructur\u00f3 e implement\u00f3 jurisdiccionalmente alrededor de los siguientes ejes: la integralidad del sistema formador, el fortalecimiento de las instituciones, los desaf\u00edos de la ense\u00f1anza en la nueva escena pedag\u00f3gica y el protagonismo de las\/os estudiantes en formaci\u00f3n. <\/span><\/p>\n<p><span style=\"font-size: revert;\">Por tanto, se propone generar condiciones institucionales para fortalecer el v\u00ednculo entre los Instituto Superior de Formaci\u00f3n Docente, las escuelas, las organizaciones sociales y comunitarias, el trabajo en territorio y la exploraci\u00f3n y profundizaci\u00f3n de propuestas pedag\u00f3gicas- culturales. <\/span>Actualmente, dicha l\u00ednea tiene un alcance e impacto de 16 jardines de infantes, 21 escuelas en el nivel primario, 20 escuelas en el nivel secundario y 30 organizaciones sociales\/comunitarias. Abarcando un alcance de articulaci\u00f3n con un total de 11 campos de la formaci\u00f3n general, 48 de la formaci\u00f3n espec\u00edfica y 12 del campo de\u00a0 formaci\u00f3n de la pr\u00e1ctica profesional.<\/p>\n<p>Por \u00faltimo, pone especial \u00e9nfasis en <span style=\"font-size: revert;\">fortalecer la ense\u00f1anza a partir de su problematizaci\u00f3n, la orientaci\u00f3n y el acompa\u00f1amiento sostenido de las y los formadores, la articulaci\u00f3n de aportes de espacios curriculares de los distintos campos de la formaci\u00f3n y el enriquecimiento de la pr\u00e1ctica pedag\u00f3gica a partir de ampliar los territorios de intervenci\u00f3n, promoviendo y recuperando experiencias formativas y posiciones de docentes y estudiantes del nivel superior y de la educaci\u00f3n obligatoria como sujetos activos que ejercen un rol \u00e9tico y pol\u00edtico en su contexto.\u00a0<\/span><\/p>\n<p>A continuaci\u00f3n, se comparte a trav\u00e9s de la herramienta digital Prezzi, las presentaciones de los 15 IES donde se ve reflejado todo lo trabajado a partir de videos, galer\u00eda de im\u00e1genes, palabras claves y las proyecciones para el pr\u00f3ximo a\u00f1o entrante.<\/p>\n<p><a href=\"https:\/\/prezi.com\/p\/mzmfizgmttda\/pfi-iest-2013\/\" target=\"_blank\" rel=\"noopener\">LINK IES TINOGASTA\u00a0<\/a><\/p>\n<p><a href=\"https:\/\/prezi.com\/view\/Mqyy3K5b2C269Q7RO2cz\/\" target=\"_blank\" rel=\"noopener\">LINK IES FIAMBAL\u00c1<\/a><\/p>\n<p><a href=\"\/Users\/Candela\/Downloads\/POSTER%20PFI%20IES%20ANDALGAL%C3%81%20FINAL%20(1).pdf\" target=\"_blank\" rel=\"noopener\">LINK IES ANDALGAL\u00c1<\/a><\/p>\n<p><a href=\"https:\/\/prezi.com\/view\/dusghlyRZ4zJYG5dFwpg\/\" target=\"_blank\" rel=\"noopener\">LINK IES BEL\u00c9N\u00a0<\/a><\/p>\n<p><a href=\"https:\/\/prezi.com\/view\/5OsoQKhXrCJaGub3vR8Q\/\" target=\"_blank\" rel=\"noopener\">LINK IES J. CLARA ARMSTRONG\u00a0<\/a><\/p>\n<p><a href=\"https:\/\/padlet.com\/referentesescolaresesiprimario\/ciudad-de-autor-luis-caravati-ojhmwkp181n1bgfc\" target=\"_blank\" rel=\"noopener\">LINK IES MALDONES<\/a><\/p>\n<p><a href=\"https:\/\/prezi.com\/view\/0o1vZXf4MFAU1iu0ejDx\/\" target=\"_blank\" rel=\"noopener\">LINK IES RECREO<\/a><\/p>\n<p><a href=\"https:\/\/prezi.com\/view\/IYBpifHcxDnyHEgEb7r6\/\" target=\"_blank\" rel=\"noopener\">LINK ISAC\u00a0<\/a><\/p>\n<p><a href=\"https:\/\/prezi.com\/view\/hbtmQH7S7XgeNcbX28FU\/\" target=\"_blank\" rel=\"noopener\">LINK ISEF\u00a0<\/a><\/p>\n<p><a href=\"https:\/\/prezi.com\/p\/edit\/sb9xsn1uz3sy\/\" target=\"_blank\" rel=\"noopener\">LINK IES JOS\u00c9 CUBAS<\/a><\/p>\n<p><a href=\"https:\/\/prezi.com\/p\/edit\/fba__wn_yz4q\/\" target=\"_blank\" rel=\"noopener\">LINK IES CHAVARRIA\u00a0<\/a><\/p>\n<p><a href=\"https:\/\/prezi.com\/view\/00W8pwdaTxT4qB7uh756\/\" target=\"_blank\" rel=\"noopener\">LINK IES CORPACCI\u00a0<\/a><\/p>\n<p><a href=\"https:\/\/prezi.com\/view\/qBBi239iMeEVSyS0RQlD\/\" target=\"_blank\" rel=\"noopener\">LINK IES SANTA MARIA<\/a><\/p>\n<p><a href=\"https:\/\/prezi.com\/view\/EbKUzYFY3Fs1bts4xdaT\/\" target=\"_blank\" rel=\"noopener\">LINK IES POMAN<\/a><\/p>\n<p><a href=\"https:\/\/youtu.be\/Ns8HvhbFvuY?si=-Qrh4Tnp4bk-RtO4\" target=\"_blank\" rel=\"noopener\">LINK IES SANTA ROSA\u00a0<\/a><\/p>\n","protected":false},"excerpt":{"rendered":"<p>La l\u00ednea de Fortalecimiento Institucional surge y se configura como una pol\u00edtica educativa p\u00fablica y de necesidad de re vincular a los estudiantes de nivel superior y de acompa\u00f1amiento a las trayectorias durante el periodo de ASPO (Aislamiento Social Preventivo Obligatorio) en el a\u00f1o 2020. Por su parte, la \u00a0convocatoria nacional 2023 se estructur\u00f3 e &#8230; <a title=\"FORTALECIMIENTO INSTITUCIONAL EN CATAMARCA 2023\" class=\"read-more\" href=\"https:\/\/des-cat.infd.edu.ar\/sitio\/fortalecimiento-institucional-en-catamarca-2023\/\" aria-label=\"More on FORTALECIMIENTO INSTITUCIONAL EN CATAMARCA 2023\">[+]<\/a><\/p>\n","protected":false},"author":25057,"featured_media":0,"comment_status":"open","ping_status":"open","sticky":false,"template":"","format":"standard","meta":[],"categories":[53],"tags":[],"acf":[],"_links":{"self":[{"href":"https:\/\/des-cat.infd.edu.ar\/sitio\/wp-json\/wp\/v2\/posts\/3173"}],"collection":[{"href":"https:\/\/des-cat.infd.edu.ar\/sitio\/wp-json\/wp\/v2\/posts"}],"about":[{"href":"https:\/\/des-cat.infd.edu.ar\/sitio\/wp-json\/wp\/v2\/types\/post"}],"author":[{"embeddable":true,"href":"https:\/\/des-cat.infd.edu.ar\/sitio\/wp-json\/wp\/v2\/users\/25057"}],"replies":[{"embeddable":true,"href":"https:\/\/des-cat.infd.edu.ar\/sitio\/wp-json\/wp\/v2\/comments?post=3173"}],"version-history":[{"count":17,"href":"https:\/\/des-cat.infd.edu.ar\/sitio\/wp-json\/wp\/v2\/posts\/3173\/revisions"}],"predecessor-version":[{"id":3554,"href":"https:\/\/des-cat.infd.edu.ar\/sitio\/wp-json\/wp\/v2\/posts\/3173\/revisions\/3554"}],"wp:attachment":[{"href":"https:\/\/des-cat.infd.edu.ar\/sitio\/wp-json\/wp\/v2\/media?parent=3173"}],"wp:term":[{"taxonomy":"category","embeddable":true,"href":"https:\/\/des-cat.infd.edu.ar\/sitio\/wp-json\/wp\/v2\/categories?post=3173"},{"taxonomy":"post_tag","embeddable":true,"href":"https:\/\/des-cat.infd.edu.ar\/sitio\/wp-json\/wp\/v2\/tags?post=3173"}],"curies":[{"name":"wp","href":"https:\/\/api.w.org\/{rel}","templated":true}]}}