{"id":3143,"date":"2023-12-13T11:34:51","date_gmt":"2023-12-13T14:34:51","guid":{"rendered":"https:\/\/des-cat.infd.edu.ar\/sitio\/?p=3143"},"modified":"2025-06-23T12:50:01","modified_gmt":"2025-06-23T15:50:01","slug":"creacion-y-desarrollo-de-apoyo-pedagogico-a-escuelas","status":"publish","type":"post","link":"https:\/\/des-cat.infd.edu.ar\/sitio\/creacion-y-desarrollo-de-apoyo-pedagogico-a-escuelas\/","title":{"rendered":"APOYO PEDAG\u00d3GICO A ESCUELAS EN CATAMARCA 2023"},"content":{"rendered":"\n<p>Desde su creaci\u00f3n, el Instituto Nacional de Formaci\u00f3n Docente (INFOD) tomo como uno de sus objetivos principales institucionalizar la funci\u00f3n de <strong>Apoyo Pedag\u00f3gico a Escuelas<\/strong> (APE) que impulsa y gestiona la articulaci\u00f3n entre las instituciones formadoras del nivel superior y las escuelas, promoviendo para ello el dise\u00f1o de dispositivos de trabajo en conjunto con los niveles obligatorios y sus modalidades. De esta manera, ademas de procurar la mejora de los aprendizajes de las y los educandos en el contexto, el objetivo es retroalimentar la formaci\u00f3n inicial a partir de la construcci\u00f3n de saber pedag\u00f3gico entre ISFD y escuelas.<\/p>\n\n\n\n<p>El desarrollo de la funci\u00f3n de APE, enmarcada en Ley de Educaci\u00f3n Nacional 26.206 art. 75 y en la resoluci\u00f3n del Consejo Federal de Educaci\u00f3n N\u00ba 140\/11, propone el fortalecimiento de la tarea docente, el mejoramiento y renovaci\u00f3n de las pr\u00e1cticas de la ense\u00f1anza y de los aprendizajes en las escuelas, en pos de contribuir la formaci\u00f3n de las y los docentes en ejercicio y el fortalecimiento de la formaci\u00f3n inicial de las y los profesores en formaci\u00f3n. <\/p>\n\n\n\n<p>Ineludiblemente, la institucionalizaci\u00f3n de su funci\u00f3n obliga a reconocer la relaci\u00f3n din\u00e1mica entre el mundo de la formaci\u00f3n y del trabajo. Y con ello advertir que se trata de una funci\u00f3n caracterizada por un movimiento continuo, que requiere coordinar las necesidades y las demandas que se van construyendo en el marco de escenarios situados.<\/p>\n\n\n\n<p>En nuestra provincia, durante le periodo 2023, se ha convocando a los institutos de formaci\u00f3n docente a presentar proyectos para dar forma a esta pol\u00edtica desde una mirada jurisdiccional que busca revalorizar l\u00edneas de acci\u00f3n propuestas desde el INFOD.  Poniendo especial \u00e9nfasis en construir una l\u00ednea de acci\u00f3n de apoyo que resignifique las practicas de la ense\u00f1anza de cada docente que habita el aula, permitiendo establecer experiencias situadas y sistematizadas para ampliar las miradas y educar.<\/p>\n\n\n\n<p>Desde esta perspectiva, APE logro la conformaci\u00f3n de equipos de trabajo que han desempe\u00f1ado y llevado a cabo acciones significativas de transformaci\u00f3n en los escenarios institucionales abarcando un total de 26 escuelas de nivel primario y 72 escuelas en el nivel secundario de la provincia. Por tanto han construido un camino de gesti\u00f3n, visi\u00f3n y trabajo que ha visibilizado la importancia y el impacto que tienen estas pol\u00edticas educativas, afianzando lazos y promoviendo atravesar desaf\u00edos comunes en las escuelas creando y siendo posibilidad.<\/p>\n\n\n\n<p>A continuaci\u00f3n, la referente Jurisdiccional, comparte la galer\u00eda de im\u00e1genes y  v\u00eddeos que da cuenta de la recuperaci\u00f3n de las experiencias transitadas de los IES y el reconocimiento tanto de lo espec\u00edficamente planificado como de los imprevistos atravesados. <\/p>\n\n\n\n<p><a href=\"https:\/\/drive.google.com\/drive\/folders\/1TV1JaGx1csPf4SrOb_VkPqoyPx1h5ejY\" target=\"_blank\" rel=\"noreferrer noopener\">LINK: GALER\u00cdA DE IM\u00c1GENES<\/a><\/p>\n\n\n\n<p><a href=\"https:\/\/www.youtube.com\/@educacionsuperior7385\/videos\" target=\"_blank\" rel=\"noreferrer noopener\">LINK: V\u00cdDEOS <\/a><\/p>\n\n\n\n<p><\/p>\n\n\n\n<p><\/p>\n\n\n\n<p><\/p>\n","protected":false},"excerpt":{"rendered":"<p>Desde su creaci\u00f3n, el Instituto Nacional de Formaci\u00f3n Docente (INFOD) tomo como uno de sus objetivos principales institucionalizar la funci\u00f3n de Apoyo Pedag\u00f3gico a Escuelas (APE) que impulsa y gestiona la articulaci\u00f3n entre las instituciones formadoras del nivel superior y las escuelas, promoviendo para ello el dise\u00f1o de dispositivos de trabajo en conjunto con los &#8230; <a title=\"APOYO PEDAG\u00d3GICO A ESCUELAS EN CATAMARCA 2023\" class=\"read-more\" href=\"https:\/\/des-cat.infd.edu.ar\/sitio\/creacion-y-desarrollo-de-apoyo-pedagogico-a-escuelas\/\" aria-label=\"More on APOYO PEDAG\u00d3GICO A ESCUELAS EN CATAMARCA 2023\">[+]<\/a><\/p>\n","protected":false},"author":25057,"featured_media":3144,"comment_status":"open","ping_status":"open","sticky":false,"template":"","format":"standard","meta":[],"categories":[53],"tags":[],"acf":[],"_links":{"self":[{"href":"https:\/\/des-cat.infd.edu.ar\/sitio\/wp-json\/wp\/v2\/posts\/3143"}],"collection":[{"href":"https:\/\/des-cat.infd.edu.ar\/sitio\/wp-json\/wp\/v2\/posts"}],"about":[{"href":"https:\/\/des-cat.infd.edu.ar\/sitio\/wp-json\/wp\/v2\/types\/post"}],"author":[{"embeddable":true,"href":"https:\/\/des-cat.infd.edu.ar\/sitio\/wp-json\/wp\/v2\/users\/25057"}],"replies":[{"embeddable":true,"href":"https:\/\/des-cat.infd.edu.ar\/sitio\/wp-json\/wp\/v2\/comments?post=3143"}],"version-history":[{"count":16,"href":"https:\/\/des-cat.infd.edu.ar\/sitio\/wp-json\/wp\/v2\/posts\/3143\/revisions"}],"predecessor-version":[{"id":3172,"href":"https:\/\/des-cat.infd.edu.ar\/sitio\/wp-json\/wp\/v2\/posts\/3143\/revisions\/3172"}],"wp:featuredmedia":[{"embeddable":true,"href":"https:\/\/des-cat.infd.edu.ar\/sitio\/wp-json\/wp\/v2\/media\/3144"}],"wp:attachment":[{"href":"https:\/\/des-cat.infd.edu.ar\/sitio\/wp-json\/wp\/v2\/media?parent=3143"}],"wp:term":[{"taxonomy":"category","embeddable":true,"href":"https:\/\/des-cat.infd.edu.ar\/sitio\/wp-json\/wp\/v2\/categories?post=3143"},{"taxonomy":"post_tag","embeddable":true,"href":"https:\/\/des-cat.infd.edu.ar\/sitio\/wp-json\/wp\/v2\/tags?post=3143"}],"curies":[{"name":"wp","href":"https:\/\/api.w.org\/{rel}","templated":true}]}}