{"id":3091,"date":"2023-12-11T12:50:06","date_gmt":"2023-12-11T15:50:06","guid":{"rendered":"https:\/\/des-cat.infd.edu.ar\/sitio\/?p=3091"},"modified":"2025-06-23T12:50:14","modified_gmt":"2025-06-23T15:50:14","slug":"formando-docente-ampliando-la-participacion-estudiantil","status":"publish","type":"post","link":"https:\/\/des-cat.infd.edu.ar\/sitio\/formando-docente-ampliando-la-participacion-estudiantil\/","title":{"rendered":"DESARROLLO DE LAS POL\u00cdTICAS ESTUDIANTILES EN EL NIVEL SUPERIOR"},"content":{"rendered":"<p style=\"text-align: left;\"><span style=\"font-size: revert;\">La creaci\u00f3n del \u00c1rea de Pol\u00edticas Estudiantiles del Instituto Nacional de Formaci\u00f3n Docente (INFOD) fue aprobada por la resoluci\u00f3n del Consejo Federal de Educaci\u00f3n N\u00ba 407\/21. Tiene como objetivo el promover y garantizar en las Instituciones de Formaci\u00f3n Docente el derecho a la organizaci\u00f3n y participaci\u00f3n del colectivo estudiantil para potenciar la formaci\u00f3n inicial, tal como lo establece la Ley de Centros de Estudiantes N\u00b0 26.877\/13<\/span><\/p>\n<p>En el marco de la conmemoraci\u00f3n de los 40 a\u00f1os de democracia el INFOD el Equipo Jurisdiccional de Politicas Estudiantiles desarroll\u00f3 una sistem\u00e1tica tarea de acompa\u00f1amiento a la Convocatoria de Proyectos de Intervenci\u00f3n Educativa \u201cFormando Docentes. Ampliando la Participaci\u00f3n Estudiantil\u00bb, la cual convoc\u00f3 a estudiantes de los IES de la provincia a presentar proyectos con ejecuci\u00f3n en 2023. La primera etapa se realiz\u00f3 en diciembre de 2022 y la segunda desde el 1\u00ba de marzo hasta el 10 de abril, contando con un total de presentaci\u00f3n de 15 proyectos.<\/p>\n<p>Por otra parte, tras un relevamiento de los Centros de Estudiantes de los IES, dada la necesidad de formalizar su conformaci\u00f3n a trav\u00e9s de un estatuto espec\u00edfico para el Nivel Superior, desde el \u00c1rea de Pol\u00edticas Estudiantiles de la DES se impuls\u00f3 la creaci\u00f3n de la Disposici\u00f3n N\u00ba 158\/23 para la creaci\u00f3n del \u201cEstatuto Marco para Centros de Estudiantes de Nivel Superior de Gesti\u00f3n Estatal\u201d, normativa enmarcada en la Resoluci\u00f3n Ministerial 582\/13, la Ley de Educaci\u00f3n Nacional N\u00ba 26.206 art. 126\u00b0 inciso h) y la Ley de Educaci\u00f3n Superior N\u00ba 24.521 art. 13\u00b0 inciso b).<\/p>\n<p>El proceso de conformaci\u00f3n y renovaci\u00f3n de \u00e9stos \u00f3rganos de representaci\u00f3n estudiantil cont\u00f3 con el acompa\u00f1amiento de la Referente Jurisdiccional y los\/as Coordinadores\/as institucionales de Pol\u00edticas Estudiantiles, logrando para este a\u00f1o la conformaci\u00f3n de 8 centros de estudiantes<\/p>\n<p>A continuaci\u00f3n, se comparte a trav\u00e9s de la herramienta digital Padlet la socializaci\u00f3n de la ejecuci\u00f3n de los proyectos<\/p>\n<p><a href=\"https:\/\/padlet.com\/apossentini\/pol-ticas-estudiantiles-rzc0660x50otgpsw\" target=\"_blank\" rel=\"noopener\"><span style=\"font-weight: 400;\">Link: \u00abFormando Docentes. Ampliando la Participaci\u00f3n Estudiantil\u00bb<\/span><\/a><\/p>\n","protected":false},"excerpt":{"rendered":"<p>La creaci\u00f3n del \u00c1rea de Pol\u00edticas Estudiantiles del Instituto Nacional de Formaci\u00f3n Docente (INFOD) fue aprobada por la resoluci\u00f3n del Consejo Federal de Educaci\u00f3n N\u00ba 407\/21. Tiene como objetivo el promover y garantizar en las Instituciones de Formaci\u00f3n Docente el derecho a la organizaci\u00f3n y participaci\u00f3n del colectivo estudiantil para potenciar la formaci\u00f3n inicial, tal &#8230; <a title=\"DESARROLLO DE LAS POL\u00cdTICAS ESTUDIANTILES EN EL NIVEL SUPERIOR\" class=\"read-more\" href=\"https:\/\/des-cat.infd.edu.ar\/sitio\/formando-docente-ampliando-la-participacion-estudiantil\/\" aria-label=\"More on DESARROLLO DE LAS POL\u00cdTICAS ESTUDIANTILES EN EL NIVEL SUPERIOR\">[+]<\/a><\/p>\n","protected":false},"author":25057,"featured_media":3116,"comment_status":"open","ping_status":"open","sticky":false,"template":"","format":"standard","meta":[],"categories":[53],"tags":[],"acf":[],"_links":{"self":[{"href":"https:\/\/des-cat.infd.edu.ar\/sitio\/wp-json\/wp\/v2\/posts\/3091"}],"collection":[{"href":"https:\/\/des-cat.infd.edu.ar\/sitio\/wp-json\/wp\/v2\/posts"}],"about":[{"href":"https:\/\/des-cat.infd.edu.ar\/sitio\/wp-json\/wp\/v2\/types\/post"}],"author":[{"embeddable":true,"href":"https:\/\/des-cat.infd.edu.ar\/sitio\/wp-json\/wp\/v2\/users\/25057"}],"replies":[{"embeddable":true,"href":"https:\/\/des-cat.infd.edu.ar\/sitio\/wp-json\/wp\/v2\/comments?post=3091"}],"version-history":[{"count":13,"href":"https:\/\/des-cat.infd.edu.ar\/sitio\/wp-json\/wp\/v2\/posts\/3091\/revisions"}],"predecessor-version":[{"id":3233,"href":"https:\/\/des-cat.infd.edu.ar\/sitio\/wp-json\/wp\/v2\/posts\/3091\/revisions\/3233"}],"wp:featuredmedia":[{"embeddable":true,"href":"https:\/\/des-cat.infd.edu.ar\/sitio\/wp-json\/wp\/v2\/media\/3116"}],"wp:attachment":[{"href":"https:\/\/des-cat.infd.edu.ar\/sitio\/wp-json\/wp\/v2\/media?parent=3091"}],"wp:term":[{"taxonomy":"category","embeddable":true,"href":"https:\/\/des-cat.infd.edu.ar\/sitio\/wp-json\/wp\/v2\/categories?post=3091"},{"taxonomy":"post_tag","embeddable":true,"href":"https:\/\/des-cat.infd.edu.ar\/sitio\/wp-json\/wp\/v2\/tags?post=3091"}],"curies":[{"name":"wp","href":"https:\/\/api.w.org\/{rel}","templated":true}]}}