{"id":3069,"date":"2023-12-06T13:13:51","date_gmt":"2023-12-06T16:13:51","guid":{"rendered":"https:\/\/des-cat.infd.edu.ar\/sitio\/?p=3069"},"modified":"2025-06-23T12:50:24","modified_gmt":"2025-06-23T15:50:24","slug":"balance-del-estado-de-situacion-del-area-investigacion","status":"publish","type":"post","link":"https:\/\/des-cat.infd.edu.ar\/sitio\/balance-del-estado-de-situacion-del-area-investigacion\/","title":{"rendered":"BALANCE DEL ESTADO DE SITUACI\u00d3N DEL \u00c1REA INVESTIGACI\u00d3N"},"content":{"rendered":"<h6>&nbsp;<\/h6>\n\n\n<p>El \u00e1rea de investigaci\u00f3n responde a la Ley de Educaci\u00f3n Nacional 26.206 (art. 72 y 73) y a la Ley de Educaci\u00f3n Superior 24.521 (art. 21, cap. 2) donde estipula que las jurisdicciones deben arbitrar los medios necesarios para que los Institutos de formaci\u00f3n docente (IFD) garanticen el perfeccionamiento y la actualizaci\u00f3n, tanto en los aspectos curriculares como en los pedag\u00f3gicos e institucionales. <\/p>\n\n\n\n<p>En nuestra Provincia, los Institutos de Educaci\u00f3n Superior participan de dos convocatorias de Proyectos de investigaci\u00f3n. Por un lado, la convocatoria Jurisdiccional por Horas Institucionales aprobado en el marco de la Resoluci\u00f3n N\u00ba 724\/2022 y la convocatoria Nacional de la linea de INFOD (Instituto de Formaci\u00f3n Docente). Ambas tienen como objetivo primordial valorar los saberes como insumos para dise\u00f1ar e implementar estrategias de mejora en procesos de ense\u00f1anza y de aprendizaje en busca de retroalimentar la formaci\u00f3n docente inicial y continua. <\/p>\n\n\n\n<p>A continuaci\u00f3n el referente Jurisdiccional de Investigaci\u00f3n en trabajo continuo con los Jefes de Investigaci\u00f3n, coordinadores, docentes y estudiantes, comparten la socializaci\u00f3n de los avances y proyectos ejecutados mediante la herramienta digital Padlet.<\/p>\n\n\n\n<p><a rel=\"noreferrer noopener\" href=\"https:\/\/padlet.com\/tomdalpra66\/rea-investigaci-n-2023-x0zpdmwfuzf0cwd8\" data-type=\"URL\" data-id=\"https:\/\/padlet.com\/tomdalpra66\/rea-investigaci-n-2023-x0zpdmwfuzf0cwd8\" target=\"_blank\">LINK: \u00abPROYECTOS DE INVESTIGACI\u00d3N NACIONAL Y JURISDICCIONAL\u00bb<\/a><\/p>\n","protected":false},"excerpt":{"rendered":"<p>&nbsp; El \u00e1rea de investigaci\u00f3n responde a la Ley de Educaci\u00f3n Nacional 26.206 (art. 72 y 73) y a la Ley de Educaci\u00f3n Superior 24.521 (art. 21, cap. 2) donde estipula que las jurisdicciones deben arbitrar los medios necesarios para que los Institutos de formaci\u00f3n docente (IFD) garanticen el perfeccionamiento y la actualizaci\u00f3n, tanto en &#8230; <a title=\"BALANCE DEL ESTADO DE SITUACI\u00d3N DEL \u00c1REA INVESTIGACI\u00d3N\" class=\"read-more\" href=\"https:\/\/des-cat.infd.edu.ar\/sitio\/balance-del-estado-de-situacion-del-area-investigacion\/\" aria-label=\"More on BALANCE DEL ESTADO DE SITUACI\u00d3N DEL \u00c1REA INVESTIGACI\u00d3N\">[+]<\/a><\/p>\n","protected":false},"author":25057,"featured_media":3076,"comment_status":"open","ping_status":"open","sticky":false,"template":"","format":"standard","meta":[],"categories":[53],"tags":[],"acf":[],"_links":{"self":[{"href":"https:\/\/des-cat.infd.edu.ar\/sitio\/wp-json\/wp\/v2\/posts\/3069"}],"collection":[{"href":"https:\/\/des-cat.infd.edu.ar\/sitio\/wp-json\/wp\/v2\/posts"}],"about":[{"href":"https:\/\/des-cat.infd.edu.ar\/sitio\/wp-json\/wp\/v2\/types\/post"}],"author":[{"embeddable":true,"href":"https:\/\/des-cat.infd.edu.ar\/sitio\/wp-json\/wp\/v2\/users\/25057"}],"replies":[{"embeddable":true,"href":"https:\/\/des-cat.infd.edu.ar\/sitio\/wp-json\/wp\/v2\/comments?post=3069"}],"version-history":[{"count":10,"href":"https:\/\/des-cat.infd.edu.ar\/sitio\/wp-json\/wp\/v2\/posts\/3069\/revisions"}],"predecessor-version":[{"id":3231,"href":"https:\/\/des-cat.infd.edu.ar\/sitio\/wp-json\/wp\/v2\/posts\/3069\/revisions\/3231"}],"wp:featuredmedia":[{"embeddable":true,"href":"https:\/\/des-cat.infd.edu.ar\/sitio\/wp-json\/wp\/v2\/media\/3076"}],"wp:attachment":[{"href":"https:\/\/des-cat.infd.edu.ar\/sitio\/wp-json\/wp\/v2\/media?parent=3069"}],"wp:term":[{"taxonomy":"category","embeddable":true,"href":"https:\/\/des-cat.infd.edu.ar\/sitio\/wp-json\/wp\/v2\/categories?post=3069"},{"taxonomy":"post_tag","embeddable":true,"href":"https:\/\/des-cat.infd.edu.ar\/sitio\/wp-json\/wp\/v2\/tags?post=3069"}],"curies":[{"name":"wp","href":"https:\/\/api.w.org\/{rel}","templated":true}]}}