{"id":3053,"date":"2023-12-06T10:45:53","date_gmt":"2023-12-06T13:45:53","guid":{"rendered":"https:\/\/des-cat.infd.edu.ar\/sitio\/?p=3053"},"modified":"2025-06-23T12:50:54","modified_gmt":"2025-06-23T15:50:54","slug":"registros-e-impacto-de-la-linea-de-infod-de-trayectoria-estudiantiles-primera-etap","status":"publish","type":"post","link":"https:\/\/des-cat.infd.edu.ar\/sitio\/registros-e-impacto-de-la-linea-de-infod-de-trayectoria-estudiantiles-primera-etap\/","title":{"rendered":"TRAYECTORIAS ESTUDIANTILES EN CATAMARCA 2023"},"content":{"rendered":"<p>El Instituto Nacional de Formaci\u00f3n Docente , a trav\u00e9s del \u00e1rea de pol\u00edticas estudiantiles, implemento el financiamiento para la Linea \u00abFortalecimiento a las Trayectorias Estudiantiles\u00bb<\/p>\n<p><span style=\"font-weight: 400;\">Esta, en base a la Resoluci\u00f3n N\u00ba 3944\/22\u00a0 y Resoluci\u00f3n N\u00ba 342\/23 y coordinado por el Referente Jurisdiccional de la Direcci\u00f3n Provincial de Educaci\u00f3n Superior propone fortalecer, consolidar, acompa\u00f1ar y recuperar las trayectorias de los estudiantes a trav\u00e9s de propuestas y acciones para potenciar los aciertos e innovaciones para abordar los obst\u00e1culos que los estudiantes presentan cuando eligen formarse como docente, poniendo especial \u00e9nfasis en la primera etapa o curso de ingreso.<\/span><\/p>\n<p><span style=\"font-weight: 400;\">El prop\u00f3sito de esta etapa consiste b\u00e1sicamente en <\/span><span style=\"font-weight: 400;\">analizar el estado de situaci\u00f3n, reconocer los nudos cr\u00edticos que influyen en los recorridos formativos y construir colectivamente acuerdos y compromisos que sirvan para revisar y redefinir las estrategias y acciones de acompa\u00f1amiento.\u00a0<\/span><\/p>\n<p><span style=\"font-weight: 400;\">A continuaci\u00f3n se comparte el registro del desarrollo de los proyectos ejecutados en los Institutos de Formaci\u00f3n Docente de la Provincia, a trav\u00e9s de la herramienta digital <\/span><span style=\"font-weight: 400;\">Padlet.<\/span><\/p>\n<p><a href=\"https:\/\/padlet.com\/sssolemonje\/l-nea-de-trayectorias-estudiantiles-2023primera-etapa-ingres-s2wejyzkaruralp0\" target=\"_blank\" rel=\"noopener\">LINK: FORTALECIMIENTO A LAS TRAYECTORIAS ESTUDIANTILES\u00a0<\/a><\/p>\n","protected":false},"excerpt":{"rendered":"<p>El Instituto Nacional de Formaci\u00f3n Docente , a trav\u00e9s del \u00e1rea de pol\u00edticas estudiantiles, implemento el financiamiento para la Linea \u00abFortalecimiento a las Trayectorias Estudiantiles\u00bb Esta, en base a la Resoluci\u00f3n N\u00ba 3944\/22\u00a0 y Resoluci\u00f3n N\u00ba 342\/23 y coordinado por el Referente Jurisdiccional de la Direcci\u00f3n Provincial de Educaci\u00f3n Superior propone fortalecer, consolidar, acompa\u00f1ar y &#8230; <a title=\"TRAYECTORIAS ESTUDIANTILES EN CATAMARCA 2023\" class=\"read-more\" href=\"https:\/\/des-cat.infd.edu.ar\/sitio\/registros-e-impacto-de-la-linea-de-infod-de-trayectoria-estudiantiles-primera-etap\/\" aria-label=\"More on TRAYECTORIAS ESTUDIANTILES EN CATAMARCA 2023\">[+]<\/a><\/p>\n","protected":false},"author":25057,"featured_media":3167,"comment_status":"open","ping_status":"open","sticky":false,"template":"","format":"standard","meta":[],"categories":[53],"tags":[],"acf":[],"_links":{"self":[{"href":"https:\/\/des-cat.infd.edu.ar\/sitio\/wp-json\/wp\/v2\/posts\/3053"}],"collection":[{"href":"https:\/\/des-cat.infd.edu.ar\/sitio\/wp-json\/wp\/v2\/posts"}],"about":[{"href":"https:\/\/des-cat.infd.edu.ar\/sitio\/wp-json\/wp\/v2\/types\/post"}],"author":[{"embeddable":true,"href":"https:\/\/des-cat.infd.edu.ar\/sitio\/wp-json\/wp\/v2\/users\/25057"}],"replies":[{"embeddable":true,"href":"https:\/\/des-cat.infd.edu.ar\/sitio\/wp-json\/wp\/v2\/comments?post=3053"}],"version-history":[{"count":18,"href":"https:\/\/des-cat.infd.edu.ar\/sitio\/wp-json\/wp\/v2\/posts\/3053\/revisions"}],"predecessor-version":[{"id":3229,"href":"https:\/\/des-cat.infd.edu.ar\/sitio\/wp-json\/wp\/v2\/posts\/3053\/revisions\/3229"}],"wp:featuredmedia":[{"embeddable":true,"href":"https:\/\/des-cat.infd.edu.ar\/sitio\/wp-json\/wp\/v2\/media\/3167"}],"wp:attachment":[{"href":"https:\/\/des-cat.infd.edu.ar\/sitio\/wp-json\/wp\/v2\/media?parent=3053"}],"wp:term":[{"taxonomy":"category","embeddable":true,"href":"https:\/\/des-cat.infd.edu.ar\/sitio\/wp-json\/wp\/v2\/categories?post=3053"},{"taxonomy":"post_tag","embeddable":true,"href":"https:\/\/des-cat.infd.edu.ar\/sitio\/wp-json\/wp\/v2\/tags?post=3053"}],"curies":[{"name":"wp","href":"https:\/\/api.w.org\/{rel}","templated":true}]}}