{"id":2837,"date":"2023-07-04T18:21:38","date_gmt":"2023-07-04T21:21:38","guid":{"rendered":"https:\/\/des-cat.infd.edu.ar\/sitio\/?p=2837"},"modified":"2025-06-23T12:51:11","modified_gmt":"2025-06-23T15:51:11","slug":"curso-docente-de-autogestion-con-autoevaluacion-para-el-uso-del-sistema-siu-guarani","status":"publish","type":"post","link":"https:\/\/des-cat.infd.edu.ar\/sitio\/curso-docente-de-autogestion-con-autoevaluacion-para-el-uso-del-sistema-siu-guarani\/","title":{"rendered":"Curso docente de autogesti\u00f3n con autoevaluaci\u00f3n para el uso del Sistema SIU-Guaran\u00ed"},"content":{"rendered":"<div class=\"wp-block-image\">\n<figure class=\"aligncenter size-full\"><img decoding=\"async\" loading=\"lazy\" width=\"1080\" height=\"1080\" src=\"https:\/\/des-cat.infd.edu.ar\/sitio\/wp-content\/uploads\/2023\/07\/356847585_661574642674388_297870019370646394_n.jpg\" alt=\"\" class=\"wp-image-2838\" srcset=\"https:\/\/des-cat.infd.edu.ar\/sitio\/wp-content\/uploads\/2023\/07\/356847585_661574642674388_297870019370646394_n.jpg 1080w, https:\/\/des-cat.infd.edu.ar\/sitio\/wp-content\/uploads\/2023\/07\/356847585_661574642674388_297870019370646394_n-1000x1000.jpg 1000w, https:\/\/des-cat.infd.edu.ar\/sitio\/wp-content\/uploads\/2023\/07\/356847585_661574642674388_297870019370646394_n-500x500.jpg 500w, https:\/\/des-cat.infd.edu.ar\/sitio\/wp-content\/uploads\/2023\/07\/356847585_661574642674388_297870019370646394_n-768x768.jpg 768w\" sizes=\"(max-width: 1080px) 100vw, 1080px\" \/><\/figure><\/div>\n\n<p>En el marco de la Resoluci\u00f3n N\u00b0690\/22 que establece la implementaci\u00f3n del Sistema SIU-Guaran\u00ed en todos los Institutos de Educaci\u00f3n Superior, la cartera educativa local que conduce Andrea Centuri\u00f3n a trav\u00e9s de la Direcci\u00f3n Provincial de Educaci\u00f3n Superior, informa que se encuentra disponible el curso docente de autogesti\u00f3n con autoevaluaci\u00f3n para el uso del Sistema SIU-Guaran\u00ed. El mismo est\u00e1 destinado a docentes del Nivel Superior y consta de cuatro m\u00f3dulos y un formulario de evaluaci\u00f3n final, que al completarse satisfactoriamente, otorga certificado de aprobaci\u00f3n.<br \/><br \/>La directora del nivel, Ver\u00f3nica Bollada, destac\u00f3 que el cursado de la capacitaci\u00f3n cuenta con elementos interactivos para navegar entre diapositivas y que los interesados podr\u00e1n ingresar mediante el siguiente link:\u00a0<a class=\"x1i10hfl xjbqb8w x6umtig x1b1mbwd xaqea5y xav7gou x9f619 x1ypdohk xt0psk2 xe8uvvx xdj266r x11i5rnm xat24cr x1mh8g0r xexx8yu x4uap5 x18d9i69 xkhd6sd x16tdsg8 x1hl2dhg xggy1nq x1a2a7pz xt0b8zv x1fey0fg\" tabindex=\"0\" role=\"link\" href=\"https:\/\/des-cat.infd.edu.ar\/sitio\/siu-guarani\/?fbclid=IwAR2KyO1ltrjSw51ykMVUpjNERuzPmFwRw3SHPCybxP6p8nnRkeZJAQNyz14\" target=\"_blank\" rel=\"nofollow noopener noreferrer\">https:\/\/des-cat.infd.edu.ar\/sitio\/siu-guarani\/<\/a><\/p>","protected":false},"excerpt":{"rendered":"<p>En el marco de la Resoluci\u00f3n N\u00b0690\/22 que establece la implementaci\u00f3n del Sistema SIU-Guaran\u00ed en todos los Institutos de Educaci\u00f3n Superior, la cartera educativa local que conduce Andrea Centuri\u00f3n a trav\u00e9s de la Direcci\u00f3n Provincial de Educaci\u00f3n Superior, informa que se encuentra disponible el curso docente de autogesti\u00f3n con autoevaluaci\u00f3n para el uso del Sistema &#8230; <a title=\"Curso docente de autogesti\u00f3n con autoevaluaci\u00f3n para el uso del Sistema SIU-Guaran\u00ed\" class=\"read-more\" href=\"https:\/\/des-cat.infd.edu.ar\/sitio\/curso-docente-de-autogestion-con-autoevaluacion-para-el-uso-del-sistema-siu-guarani\/\" aria-label=\"More on Curso docente de autogesti\u00f3n con autoevaluaci\u00f3n para el uso del Sistema SIU-Guaran\u00ed\">[+]<\/a><\/p>\n","protected":false},"author":45,"featured_media":0,"comment_status":"closed","ping_status":"closed","sticky":false,"template":"","format":"standard","meta":[],"categories":[53],"tags":[],"acf":[],"_links":{"self":[{"href":"https:\/\/des-cat.infd.edu.ar\/sitio\/wp-json\/wp\/v2\/posts\/2837"}],"collection":[{"href":"https:\/\/des-cat.infd.edu.ar\/sitio\/wp-json\/wp\/v2\/posts"}],"about":[{"href":"https:\/\/des-cat.infd.edu.ar\/sitio\/wp-json\/wp\/v2\/types\/post"}],"author":[{"embeddable":true,"href":"https:\/\/des-cat.infd.edu.ar\/sitio\/wp-json\/wp\/v2\/users\/45"}],"replies":[{"embeddable":true,"href":"https:\/\/des-cat.infd.edu.ar\/sitio\/wp-json\/wp\/v2\/comments?post=2837"}],"version-history":[{"count":1,"href":"https:\/\/des-cat.infd.edu.ar\/sitio\/wp-json\/wp\/v2\/posts\/2837\/revisions"}],"predecessor-version":[{"id":2839,"href":"https:\/\/des-cat.infd.edu.ar\/sitio\/wp-json\/wp\/v2\/posts\/2837\/revisions\/2839"}],"wp:attachment":[{"href":"https:\/\/des-cat.infd.edu.ar\/sitio\/wp-json\/wp\/v2\/media?parent=2837"}],"wp:term":[{"taxonomy":"category","embeddable":true,"href":"https:\/\/des-cat.infd.edu.ar\/sitio\/wp-json\/wp\/v2\/categories?post=2837"},{"taxonomy":"post_tag","embeddable":true,"href":"https:\/\/des-cat.infd.edu.ar\/sitio\/wp-json\/wp\/v2\/tags?post=2837"}],"curies":[{"name":"wp","href":"https:\/\/api.w.org\/{rel}","templated":true}]}}