{"id":2554,"date":"2023-05-12T10:19:18","date_gmt":"2023-05-12T13:19:18","guid":{"rendered":"https:\/\/des-cat.infd.edu.ar\/sitio\/?p=2554"},"modified":"2025-06-23T12:51:25","modified_gmt":"2025-06-23T15:51:25","slug":"raul-se-reunio-con-los-rectores-de-los-ies","status":"publish","type":"post","link":"https:\/\/des-cat.infd.edu.ar\/sitio\/raul-se-reunio-con-los-rectores-de-los-ies\/","title":{"rendered":"Ra\u00fal se reuni\u00f3 con los Rectores de los IES"},"content":{"rendered":"<p>Ra\u00fal se reuni\u00f3 con rectores de IES<\/p>\n<p>El gobernador Ra\u00fal Jalil, junto a la ministra de Educaci\u00f3n, Andrea Centuri\u00f3n, mantuvieron una reuni\u00f3n de trabajo con los rectores de los Institutos de Ense\u00f1anza Superior de toda la provincia, donde se acord\u00f3 la puesta en funcionamiento del Consejo de Rectores.<\/p>\n<p>El objetivo es que a trav\u00e9s de este organismo se empiece a abordar la organizaci\u00f3n de los institutos de formaci\u00f3n superior.<\/p>\n<p>Tambi\u00e9n, se defini\u00f3 la participaci\u00f3n de un Rector elegido por sus pares, para que forme parte en el nuevo Centro Cient\u00edfico y Tecnol\u00f3gico, que se conform\u00f3 en conjunto con la UNCa y que funcionar\u00e1 en la localidad de Nueva Coneta.<\/p>\n<p>De la reuni\u00f3n particip\u00f3 Lucas Caminada, director de Programaci\u00f3n y Mantenimiento Edilicio, dependiente del Ministerio de Educaci\u00f3n, con quien se analiz\u00f3 las obras en ejecuci\u00f3n y a ejecutar en los IES.<\/p>\n<p>Se acord\u00f3, adem\u00e1s, la incorporaci\u00f3n de pr\u00e1cticas solidarias de los estudiantes de los IES en distintas organizaciones intermedias como ONGs, centros vecinales, en la Sede de Participaci\u00f3n Vecinal (SEPAVE), entre otros. Estas actividades se sumar\u00e1n a las pr\u00e1cticas profesionalizantes que ya se realizan.<\/p>\n<p>Otro punto de di\u00e1logo fue la posibilidad de articular las pr\u00e1cticas profesionalizantes con el IES de la Polic\u00eda de la provincia, en el marco de su estructura policial.<\/p>\n","protected":false},"excerpt":{"rendered":"<p>Ra\u00fal se reuni\u00f3 con rectores de IES El gobernador Ra\u00fal Jalil, junto a la ministra de Educaci\u00f3n, Andrea Centuri\u00f3n, mantuvieron una reuni\u00f3n de trabajo con los rectores de los Institutos de Ense\u00f1anza Superior de toda la provincia, donde se acord\u00f3 la puesta en funcionamiento del Consejo de Rectores. El objetivo es que a trav\u00e9s de &#8230; <a title=\"Ra\u00fal se reuni\u00f3 con los Rectores de los IES\" class=\"read-more\" href=\"https:\/\/des-cat.infd.edu.ar\/sitio\/raul-se-reunio-con-los-rectores-de-los-ies\/\" aria-label=\"More on Ra\u00fal se reuni\u00f3 con los Rectores de los IES\">[+]<\/a><\/p>\n","protected":false},"author":45,"featured_media":2555,"comment_status":"closed","ping_status":"closed","sticky":false,"template":"","format":"standard","meta":[],"categories":[52],"tags":[],"acf":[],"_links":{"self":[{"href":"https:\/\/des-cat.infd.edu.ar\/sitio\/wp-json\/wp\/v2\/posts\/2554"}],"collection":[{"href":"https:\/\/des-cat.infd.edu.ar\/sitio\/wp-json\/wp\/v2\/posts"}],"about":[{"href":"https:\/\/des-cat.infd.edu.ar\/sitio\/wp-json\/wp\/v2\/types\/post"}],"author":[{"embeddable":true,"href":"https:\/\/des-cat.infd.edu.ar\/sitio\/wp-json\/wp\/v2\/users\/45"}],"replies":[{"embeddable":true,"href":"https:\/\/des-cat.infd.edu.ar\/sitio\/wp-json\/wp\/v2\/comments?post=2554"}],"version-history":[{"count":1,"href":"https:\/\/des-cat.infd.edu.ar\/sitio\/wp-json\/wp\/v2\/posts\/2554\/revisions"}],"predecessor-version":[{"id":2556,"href":"https:\/\/des-cat.infd.edu.ar\/sitio\/wp-json\/wp\/v2\/posts\/2554\/revisions\/2556"}],"wp:featuredmedia":[{"embeddable":true,"href":"https:\/\/des-cat.infd.edu.ar\/sitio\/wp-json\/wp\/v2\/media\/2555"}],"wp:attachment":[{"href":"https:\/\/des-cat.infd.edu.ar\/sitio\/wp-json\/wp\/v2\/media?parent=2554"}],"wp:term":[{"taxonomy":"category","embeddable":true,"href":"https:\/\/des-cat.infd.edu.ar\/sitio\/wp-json\/wp\/v2\/categories?post=2554"},{"taxonomy":"post_tag","embeddable":true,"href":"https:\/\/des-cat.infd.edu.ar\/sitio\/wp-json\/wp\/v2\/tags?post=2554"}],"curies":[{"name":"wp","href":"https:\/\/api.w.org\/{rel}","templated":true}]}}