{"id":2291,"date":"2023-03-07T13:42:18","date_gmt":"2023-03-07T16:42:18","guid":{"rendered":"https:\/\/des-cat.infd.edu.ar\/sitio\/?p=2291"},"modified":"2025-06-25T16:20:28","modified_gmt":"2025-06-25T19:20:28","slug":"2291-2","status":"publish","type":"post","link":"https:\/\/des-cat.infd.edu.ar\/sitio\/2291-2\/","title":{"rendered":"INVESTIGACI\u00d3N Y EXTENSI\u00d3N-CAPACITACI\u00d3N"},"content":{"rendered":"\n<p><\/p>\n\n\n\n<div class=\"wp-block-media-text alignwide is-stacked-on-mobile\" style=\"grid-template-columns:54% auto\"><figure class=\"wp-block-media-text__media\"><img decoding=\"async\" loading=\"lazy\" width=\"666\" height=\"374\" src=\"https:\/\/des-cat.infd.edu.ar\/sitio\/wp-content\/uploads\/2023\/03\/AAA.jpg\" alt=\"\" class=\"wp-image-2296 size-full\"\/><\/figure><div class=\"wp-block-media-text__content\">\n<div class=\"wp-block-group is-vertical is-layout-flex wp-container-1\">\n<p class=\"has-medium-font-size\"><strong><em>RECORDATORIO<\/em><\/strong>:<\/p>\n\n\n\n<p style=\"font-style:normal;font-weight:600\">Recordamos a la Comunidad Educativa que la fecha de presentaci\u00f3n de Proyectos es, seg\u00fan la Agenda establecida, hasta el 10 de marzo\u00a0 inclusive.<\/p>\n\n\n\n<p style=\"font-style:normal;font-weight:600\">Las autoridades de cada Instituto, deben haber publicado en medios institucionales\u00a0 oficiales desde el 24 de febrero el Formulario para la inscripci\u00f3n y env\u00edo de las Propuestas.<\/p>\n\n\n\n<p style=\"font-style:normal;font-weight:600\">Se comparte enlace a la normativa que rige para el proceso de referencia.<\/p>\n\n\n\n<p><\/p>\n<\/div>\n\n\n\n<div class=\"wp-block-group is-vertical is-content-justification-center is-layout-flex wp-container-2\">\n<p class=\"has-text-color\" style=\"color:#ff0000\"><em style=\"\"><b><a href=\"https:\/\/drive.google.com\/file\/d\/1Pak7822vKui3aTVblTSRk0Ae2FYdKDav\/view?usp=sharing\" target=\"_blank\" rel=\"noreferrer noopener\">Disposici\u00f3n DPES <\/a><\/b><\/em><strong><em><a href=\"https:\/\/drive.google.com\/file\/d\/1Pak7822vKui3aTVblTSRk0Ae2FYdKDav\/view?usp=sharing\" target=\"_blank\" rel=\"noreferrer noopener\">N.\u00ba 11\/2023<\/a><\/em><\/strong><\/p>\n\n\n\n<p class=\"has-text-color\" style=\"color:#fe0000\"><em style=\"\"><b><a href=\"https:\/\/drive.google.com\/file\/d\/1MrOnhIHKzr-65-1QKhv9SNd2IfE-hj8b\/view?usp=sharing\" target=\"_blank\" rel=\"noreferrer noopener\">Resoluci\u00f3n Min. <\/a><\/b><\/em><strong><em><a href=\"https:\/\/drive.google.com\/file\/d\/1MrOnhIHKzr-65-1QKhv9SNd2IfE-hj8b\/view?usp=sharing\" target=\"_blank\" rel=\"noreferrer noopener\">N.\u00ba 724\/2022<\/a><\/em><\/strong><\/p>\n<\/div>\n<\/div><\/div>\n","protected":false},"excerpt":{"rendered":"","protected":false},"author":25057,"featured_media":0,"comment_status":"closed","ping_status":"closed","sticky":false,"template":"","format":"standard","meta":[],"categories":[53],"tags":[],"acf":[],"_links":{"self":[{"href":"https:\/\/des-cat.infd.edu.ar\/sitio\/wp-json\/wp\/v2\/posts\/2291"}],"collection":[{"href":"https:\/\/des-cat.infd.edu.ar\/sitio\/wp-json\/wp\/v2\/posts"}],"about":[{"href":"https:\/\/des-cat.infd.edu.ar\/sitio\/wp-json\/wp\/v2\/types\/post"}],"author":[{"embeddable":true,"href":"https:\/\/des-cat.infd.edu.ar\/sitio\/wp-json\/wp\/v2\/users\/25057"}],"replies":[{"embeddable":true,"href":"https:\/\/des-cat.infd.edu.ar\/sitio\/wp-json\/wp\/v2\/comments?post=2291"}],"version-history":[{"count":8,"href":"https:\/\/des-cat.infd.edu.ar\/sitio\/wp-json\/wp\/v2\/posts\/2291\/revisions"}],"predecessor-version":[{"id":2313,"href":"https:\/\/des-cat.infd.edu.ar\/sitio\/wp-json\/wp\/v2\/posts\/2291\/revisions\/2313"}],"wp:attachment":[{"href":"https:\/\/des-cat.infd.edu.ar\/sitio\/wp-json\/wp\/v2\/media?parent=2291"}],"wp:term":[{"taxonomy":"category","embeddable":true,"href":"https:\/\/des-cat.infd.edu.ar\/sitio\/wp-json\/wp\/v2\/categories?post=2291"},{"taxonomy":"post_tag","embeddable":true,"href":"https:\/\/des-cat.infd.edu.ar\/sitio\/wp-json\/wp\/v2\/tags?post=2291"}],"curies":[{"name":"wp","href":"https:\/\/api.w.org\/{rel}","templated":true}]}}