{"id":2223,"date":"2021-09-25T20:08:26","date_gmt":"2021-09-25T23:08:26","guid":{"rendered":"https:\/\/des-cat.infd.edu.ar\/sitio\/?p=2223"},"modified":"2025-06-25T16:20:45","modified_gmt":"2025-06-25T19:20:45","slug":"validez-nacional-para-el-profesorado-de-educacion-primaria-dictado-por-el-ies-estanislao-maldones","status":"publish","type":"post","link":"https:\/\/des-cat.infd.edu.ar\/sitio\/validez-nacional-para-el-profesorado-de-educacion-primaria-dictado-por-el-ies-estanislao-maldones\/","title":{"rendered":"<strong>Validez nacional para el Profesorado de&nbsp; Educaci\u00f3n Primaria dictado por el IES \u201cEstanislao Maldones\u201d<\/strong>"},"content":{"rendered":"\n<p>El Ministerio de Educaci\u00f3n de la provincia a cargo de Andrea Centuri\u00f3n, informa que a trav\u00e9s de Resoluci\u00f3n 2021-2943-APN-ME el Ministerio de Educaci\u00f3n del Naci\u00f3n otorg\u00f3 validez nacional a los t\u00edtulos y certificados correspondientes a los estudios presenciales de Educaci\u00f3n Superior del t\u00edtulo de \u201cProfesor\/a de&nbsp; Educaci\u00f3n Primaria\u201d, aprobado por el Decreto del Poder Ejecutivo Provincial N\u00b0 1325\/09 y por la Resoluci\u00f3n de la Secretar\u00eda de Planeamiento Educativo N\u00b0 43\/20, de Catamarca emitidos por el Instituto de Ense\u00f1anza Superior \u201cEstanislao Maldones\u201d, de la localidad de San Jos\u00e9, Piedra Blanca, departamento Fray Mamerto Esqui\u00fa, de gesti\u00f3n estatal; para las cohortes 2012 a 2013 inclusive.<\/p>\n\n\n\n<p>Asimismo, la autoridad educativa deber\u00e1 consignar en los t\u00edtulos y certificados mencionados, la normativa jurisdiccional y la presente Resoluci\u00f3n como normativa de validez nacional. Adem\u00e1s, se aclara que el otorgamiento de la validez nacional enunciado anteriormente, estar\u00e1 sujeto a los acuerdos que pudiesen celebrarse en el Consejo Federal de Educaci\u00f3n y a las modificaciones en los dise\u00f1os curriculares que deban realizarse, con respecto a los t\u00edtulos y certificados en cuesti\u00f3n.<\/p>\n","protected":false},"excerpt":{"rendered":"<p>El Ministerio de Educaci\u00f3n de la provincia a cargo de Andrea Centuri\u00f3n, informa que a trav\u00e9s de Resoluci\u00f3n 2021-2943-APN-ME el Ministerio de Educaci\u00f3n del Naci\u00f3n otorg\u00f3 validez nacional a los t\u00edtulos y certificados correspondientes a los estudios presenciales de Educaci\u00f3n Superior del t\u00edtulo de \u201cProfesor\/a de&nbsp; Educaci\u00f3n Primaria\u201d, aprobado por el Decreto del Poder Ejecutivo &#8230; <a title=\"Validez nacional para el Profesorado de&nbsp; Educaci\u00f3n Primaria dictado por el IES \u201cEstanislao Maldones\u201d\" class=\"read-more\" href=\"https:\/\/des-cat.infd.edu.ar\/sitio\/validez-nacional-para-el-profesorado-de-educacion-primaria-dictado-por-el-ies-estanislao-maldones\/\" aria-label=\"More on Validez nacional para el Profesorado de&nbsp; Educaci\u00f3n Primaria dictado por el IES \u201cEstanislao Maldones\u201d\">[+]<\/a><\/p>\n","protected":false},"author":25057,"featured_media":0,"comment_status":"open","ping_status":"open","sticky":false,"template":"","format":"standard","meta":[],"categories":[53],"tags":[],"acf":[],"_links":{"self":[{"href":"https:\/\/des-cat.infd.edu.ar\/sitio\/wp-json\/wp\/v2\/posts\/2223"}],"collection":[{"href":"https:\/\/des-cat.infd.edu.ar\/sitio\/wp-json\/wp\/v2\/posts"}],"about":[{"href":"https:\/\/des-cat.infd.edu.ar\/sitio\/wp-json\/wp\/v2\/types\/post"}],"author":[{"embeddable":true,"href":"https:\/\/des-cat.infd.edu.ar\/sitio\/wp-json\/wp\/v2\/users\/25057"}],"replies":[{"embeddable":true,"href":"https:\/\/des-cat.infd.edu.ar\/sitio\/wp-json\/wp\/v2\/comments?post=2223"}],"version-history":[{"count":1,"href":"https:\/\/des-cat.infd.edu.ar\/sitio\/wp-json\/wp\/v2\/posts\/2223\/revisions"}],"predecessor-version":[{"id":2226,"href":"https:\/\/des-cat.infd.edu.ar\/sitio\/wp-json\/wp\/v2\/posts\/2223\/revisions\/2226"}],"wp:attachment":[{"href":"https:\/\/des-cat.infd.edu.ar\/sitio\/wp-json\/wp\/v2\/media?parent=2223"}],"wp:term":[{"taxonomy":"category","embeddable":true,"href":"https:\/\/des-cat.infd.edu.ar\/sitio\/wp-json\/wp\/v2\/categories?post=2223"},{"taxonomy":"post_tag","embeddable":true,"href":"https:\/\/des-cat.infd.edu.ar\/sitio\/wp-json\/wp\/v2\/tags?post=2223"}],"curies":[{"name":"wp","href":"https:\/\/api.w.org\/{rel}","templated":true}]}}