{"id":2218,"date":"2021-09-23T13:39:09","date_gmt":"2021-09-23T16:39:09","guid":{"rendered":"https:\/\/des-cat.infd.edu.ar\/sitio\/?p=2218"},"modified":"2025-06-25T16:20:58","modified_gmt":"2025-06-25T19:20:58","slug":"validez-nacional-para-la-tecnicatura-en-administracion-y-gestion-de-empresas","status":"publish","type":"post","link":"https:\/\/des-cat.infd.edu.ar\/sitio\/validez-nacional-para-la-tecnicatura-en-administracion-y-gestion-de-empresas\/","title":{"rendered":"Validez nacional para la Tecnicatura en Administraci\u00f3n y Gesti\u00f3n de Empresas"},"content":{"rendered":"\n<p>El Ministerio de\u00a0Educaci\u00f3n\u00a0de la provincia a cargo de Andrea Centuri\u00f3n, informa que a trav\u00e9s de Resoluci\u00f3n 2021-2959-APN-ME el Ministerio de\u00a0Educaci\u00f3n\u00a0del Naci\u00f3n otorg\u00f3 validez nacional a los\u00a0 t\u00edtulos y certificados correspondientes a los estudios presenciales de\u00a0Educaci\u00f3n\u00a0Superior del t\u00edtulo de \u201cT\u00e9cnico\/a Superior en Administraci\u00f3n y Gesti\u00f3n de Empresas de Alojamiento y\u00a0 Gastron\u00f3micas\u201d, aprobado por Resoluci\u00f3n del Ministerio de\u00a0Educaci\u00f3n, Ciencia y Tecnolog\u00eda N\u00b0 1215\/16 de Catamarca, emitidos por el Instituto de\u00a0Educaci\u00f3n\u00a0Superior de Andalgal\u00e1 (cohorte\u00a02015 a 2018 inclusive)\u00a0de Bel\u00e9n (cohorte\u00a02019 a 2021 inclusive)\u00a0y de Santa Mar\u00eda (cohorte\u00a02016 a 2021 inclusive).<\/p>\n\n\n\n<p>Asimismo la autoridad educativa deber\u00e1 consignar en los t\u00edtulos y certificados mencionados, la normativa jurisdiccional y la presente Resoluci\u00f3n como normativa de validez nacional. Adem\u00e1s, se aclara que el otorgamiento de la validez nacional enunciado anteriormente, estar\u00e1 sujeto a los acuerdos que pudiesen celebrarse en el Consejo Federal de&nbsp;Educaci\u00f3n&nbsp;y a las modificaciones en los dise\u00f1os curriculares que deban realizarse, con respecto a los t\u00edtulos y certificados en cuesti\u00f3n.<\/p>\n","protected":false},"excerpt":{"rendered":"<p>El Ministerio de\u00a0Educaci\u00f3n\u00a0de la provincia a cargo de Andrea Centuri\u00f3n, informa que a trav\u00e9s de Resoluci\u00f3n 2021-2959-APN-ME el Ministerio de\u00a0Educaci\u00f3n\u00a0del Naci\u00f3n otorg\u00f3 validez nacional a los\u00a0 t\u00edtulos y certificados correspondientes a los estudios presenciales de\u00a0Educaci\u00f3n\u00a0Superior del t\u00edtulo de \u201cT\u00e9cnico\/a Superior en Administraci\u00f3n y Gesti\u00f3n de Empresas de Alojamiento y\u00a0 Gastron\u00f3micas\u201d, aprobado por Resoluci\u00f3n del Ministerio &#8230; <a title=\"Validez nacional para la Tecnicatura en Administraci\u00f3n y Gesti\u00f3n de Empresas\" class=\"read-more\" href=\"https:\/\/des-cat.infd.edu.ar\/sitio\/validez-nacional-para-la-tecnicatura-en-administracion-y-gestion-de-empresas\/\" aria-label=\"More on Validez nacional para la Tecnicatura en Administraci\u00f3n y Gesti\u00f3n de Empresas\">[+]<\/a><\/p>\n","protected":false},"author":25057,"featured_media":0,"comment_status":"open","ping_status":"open","sticky":true,"template":"","format":"standard","meta":[],"categories":[53],"tags":[],"acf":[],"_links":{"self":[{"href":"https:\/\/des-cat.infd.edu.ar\/sitio\/wp-json\/wp\/v2\/posts\/2218"}],"collection":[{"href":"https:\/\/des-cat.infd.edu.ar\/sitio\/wp-json\/wp\/v2\/posts"}],"about":[{"href":"https:\/\/des-cat.infd.edu.ar\/sitio\/wp-json\/wp\/v2\/types\/post"}],"author":[{"embeddable":true,"href":"https:\/\/des-cat.infd.edu.ar\/sitio\/wp-json\/wp\/v2\/users\/25057"}],"replies":[{"embeddable":true,"href":"https:\/\/des-cat.infd.edu.ar\/sitio\/wp-json\/wp\/v2\/comments?post=2218"}],"version-history":[{"count":1,"href":"https:\/\/des-cat.infd.edu.ar\/sitio\/wp-json\/wp\/v2\/posts\/2218\/revisions"}],"predecessor-version":[{"id":2219,"href":"https:\/\/des-cat.infd.edu.ar\/sitio\/wp-json\/wp\/v2\/posts\/2218\/revisions\/2219"}],"wp:attachment":[{"href":"https:\/\/des-cat.infd.edu.ar\/sitio\/wp-json\/wp\/v2\/media?parent=2218"}],"wp:term":[{"taxonomy":"category","embeddable":true,"href":"https:\/\/des-cat.infd.edu.ar\/sitio\/wp-json\/wp\/v2\/categories?post=2218"},{"taxonomy":"post_tag","embeddable":true,"href":"https:\/\/des-cat.infd.edu.ar\/sitio\/wp-json\/wp\/v2\/tags?post=2218"}],"curies":[{"name":"wp","href":"https:\/\/api.w.org\/{rel}","templated":true}]}}