{"id":2211,"date":"2021-09-09T18:36:45","date_gmt":"2021-09-09T21:36:45","guid":{"rendered":"https:\/\/des-cat.infd.edu.ar\/sitio\/?p=2211"},"modified":"2025-06-25T16:21:33","modified_gmt":"2025-06-25T19:21:33","slug":"educacion-y-salud-firmaron-convenio-para-autorizar-las-practicas-profesionales-de-alumnos-de-los-ies-de-las-carreras-de-salud","status":"publish","type":"post","link":"https:\/\/des-cat.infd.edu.ar\/sitio\/educacion-y-salud-firmaron-convenio-para-autorizar-las-practicas-profesionales-de-alumnos-de-los-ies-de-las-carreras-de-salud\/","title":{"rendered":"Educaci\u00f3n y Salud firmaron convenio para autorizar las pr\u00e1cticas profesionales de alumnos de los IES de las carreras de salud"},"content":{"rendered":"\n<p><\/p>\n\n\n\n<figure class=\"wp-block-image size-large is-resized\"><img decoding=\"async\" loading=\"lazy\" src=\"https:\/\/des-cat.infd.edu.ar\/sitio\/wp-content\/uploads\/2021\/09\/Educacio\u0301n-y-Salud-firmaron-convenio-para-autorizar-las-pra\u0301cticas-profesionales-de-alumnos-de-los-IES-de-las-carreras-de-salud1-1.jpeg\" alt=\"\" class=\"wp-image-2214\" width=\"631\" height=\"417\" srcset=\"https:\/\/des-cat.infd.edu.ar\/sitio\/wp-content\/uploads\/2021\/09\/Educacio\u0301n-y-Salud-firmaron-convenio-para-autorizar-las-pra\u0301cticas-profesionales-de-alumnos-de-los-IES-de-las-carreras-de-salud1-1.jpeg 1280w, https:\/\/des-cat.infd.edu.ar\/sitio\/wp-content\/uploads\/2021\/09\/Educacio\u0301n-y-Salud-firmaron-convenio-para-autorizar-las-pra\u0301cticas-profesionales-de-alumnos-de-los-IES-de-las-carreras-de-salud1-1-1000x662.jpeg 1000w, https:\/\/des-cat.infd.edu.ar\/sitio\/wp-content\/uploads\/2021\/09\/Educacio\u0301n-y-Salud-firmaron-convenio-para-autorizar-las-pra\u0301cticas-profesionales-de-alumnos-de-los-IES-de-las-carreras-de-salud1-1-768x508.jpeg 768w\" sizes=\"(max-width: 631px) 100vw, 631px\" \/><\/figure>\n\n\n\n<p>Las Ministras de Salud, Claudia Palladino y de&nbsp;Educaci\u00f3n, Andrea Centuri\u00f3n firmaron un convenio para autorizar las&nbsp;pr\u00e1cticas profesionales y pasant\u00edas de los estudiantes de las carreras de Enfermer\u00eda, An\u00e1lisis Cl\u00ednicos, Radiolog\u00eda e Instrumentaci\u00f3n Quir\u00fargica que dictan los Institutos de&nbsp;Educaci\u00f3n&nbsp;Superior de las Carreras de Salud.<\/p>\n\n\n\n<p>La normativa, expuesta mediante Resoluci\u00f3n Ministerial S y E N\u00ba 01\/2021 autoriza el ingreso paulatino y progresivo a los Centros de Salud dependientes del Ministerio de Salud, a los estudiantes de las Tecnicaturas de Nivel Superior, que se encuentren en condiciones acad\u00e9micas, para la realizaci\u00f3n y acreditaci\u00f3n de los espacios de pr\u00e1cticas profesionales, respetando las condiciones dispuestas por el COE SALUD y el ANEXO I que integra la presente resoluci\u00f3n.<\/p>\n\n\n\n<p>El instrumento legal notifica debidamente al Ministerio de Salud, las \u00c1reas de Docencia e Investigaci\u00f3n de los Hospitales: Interzonal San Juan Bautista, Maternidad 25 de Mayo, Interzonal de Ni\u00f1os Eva Per\u00f3n, las \u00c1reas Program\u00e1ticas donde se encuentran las Carreras de Nivel Superior de Salud, y Ministerio de&nbsp;Educaci\u00f3n&nbsp;y los Institutos de Nivel Superior dependientes del Ministerio de&nbsp;Educaci\u00f3n&nbsp;de la Provincia.<\/p>\n\n\n\n<p>A su vez el&nbsp;convenio marco de colaboraci\u00f3n y articulaci\u00f3n intersectorial celebrado entre ambos ministerios indica en su articulado que:<\/p>\n\n\n\n<p>&#8211;&nbsp;&nbsp;&nbsp;&nbsp;&nbsp;&nbsp;&nbsp;Las partes acuerdan establecer el marco general para realizar actividades de complementaci\u00f3n, cooperaci\u00f3n, colaboraci\u00f3n mutua, asesoramiento, capacitaci\u00f3n, ejecuci\u00f3n de programas, asistencia rec\u00edproca, acad\u00e9mica, de intercambio, de extensi\u00f3n y culturales, ciclos de conferencias, debates, seminarios y encuentros acad\u00e9micos y\/o cient\u00edficos tecnol\u00f3gicos o pedag\u00f3gicos, crear equipos interdisciplinarios para el desarrollo de tareas competentes a los objetivos de las partes, colaborar en proyectos de investigaci\u00f3n, extensi\u00f3n y desarrollo, intercambiar informaci\u00f3n, desarrollar programas de formaci\u00f3n de recursos humanos y profesionales, jornadas y toda otras actividades que pueda surgir conforme a la demanda y necesidad de las partes.<\/p>\n\n\n\n<p>&#8211;&nbsp;&nbsp;&nbsp;&nbsp;&nbsp;&nbsp;&nbsp;Los estudiantes deber\u00e1n contar con seguro de accidentes personales antes de ingresar a la pr\u00e1ctica, siendo a cargo del Ministerio de&nbsp;Educaci\u00f3n&nbsp;la contrataci\u00f3n y acreditaci\u00f3n respectiva. Asimismo deber\u00e1n contar con los equipos de protecci\u00f3n personal correspondientes los cuales ser\u00e1 a cargo de cada estudiante.<\/p>\n\n\n\n<p>&#8211;&nbsp;&nbsp;&nbsp;&nbsp;&nbsp;&nbsp;&nbsp;El presente convenio tendr\u00e1 una vigencia de cuatro (4) a\u00f1os a partir de su suscripci\u00f3n, renov\u00e1ndose en forma autom\u00e1tica por per\u00edodos iguales salvo manifestaci\u00f3n por escrito en contrario de alguna de las partes.<\/p>\n\n\n\n<p>Asimismo se indica en el Anexo 1 de la norma las condiciones para el ingreso de pr\u00e1cticas profesionalizantes,&nbsp; de estudiantes de las carreras de salud que dependan del Ministerio de&nbsp;Educaci\u00f3n&nbsp;de la Provincia.<\/p>\n\n\n\n<p>En virtud de la emergencia sanitaria por la Pandemia Covid-19 y teniendo en cuenta la situaci\u00f3n epidemiol\u00f3gica de la Provincia, desde el COE Salud, se formula el siguiente protocolo de condiciones de ingreso para estudiantes de los Institutos de Nivel Superior, a las pr\u00e1cticas profesionalizantes, en los Centros de Atenci\u00f3n que dependan del Ministerio de Salud de la Provincia de Catamarca.<\/p>\n\n\n\n<figure class=\"wp-block-image is-resized\"><img decoding=\"async\" loading=\"lazy\" src=\"https:\/\/des-cat.infd.edu.ar\/sitio\/wp-content\/uploads\/2021\/09\/Educacio\u0301n-y-Salud-firmaron-convenio-para-autorizar-las-pra\u0301cticas-profesionales-de-alumnos-de-los-IES-de-las-carreras-de-salud.jpeg\" alt=\"\" class=\"wp-image-2213\" width=\"550\" height=\"363\" srcset=\"https:\/\/des-cat.infd.edu.ar\/sitio\/wp-content\/uploads\/2021\/09\/Educacio\u0301n-y-Salud-firmaron-convenio-para-autorizar-las-pra\u0301cticas-profesionales-de-alumnos-de-los-IES-de-las-carreras-de-salud.jpeg 1280w, https:\/\/des-cat.infd.edu.ar\/sitio\/wp-content\/uploads\/2021\/09\/Educacio\u0301n-y-Salud-firmaron-convenio-para-autorizar-las-pra\u0301cticas-profesionales-de-alumnos-de-los-IES-de-las-carreras-de-salud-1000x662.jpeg 1000w, https:\/\/des-cat.infd.edu.ar\/sitio\/wp-content\/uploads\/2021\/09\/Educacio\u0301n-y-Salud-firmaron-convenio-para-autorizar-las-pra\u0301cticas-profesionales-de-alumnos-de-los-IES-de-las-carreras-de-salud-768x508.jpeg 768w\" sizes=\"(max-width: 550px) 100vw, 550px\" \/><figcaption>Las ministras de Salud y Educaci\u00f3n firmado el convenio<\/figcaption><\/figure>\n\n\n\n<p>Para ingresar a la pr\u00e1ctica, las y los estudiantes y las y los docentes deber\u00e1n:&nbsp;&nbsp;&nbsp;&nbsp;&nbsp;&nbsp;&nbsp;&nbsp;&nbsp;&nbsp;&nbsp;&nbsp;&nbsp;&nbsp;&nbsp;&nbsp;&nbsp;<\/p>\n\n\n\n<p>1.&nbsp;&nbsp;&nbsp;&nbsp;&nbsp;Autorizar el ingreso paulatino y progresivo de estudiantes en los Centros de salud para la realizaci\u00f3n de las pr\u00e1cticas, de conformidad a la capacidad de cada centro, lo cual ser\u00e1 determinado por su autoridad.<\/p>\n\n\n\n<p>2.&nbsp;&nbsp;&nbsp;&nbsp;&nbsp;Cumplir con los PROTOCOLOS o pautas de ingreso establecidos por cada instituci\u00f3n de salud.<\/p>\n\n\n\n<p>3.&nbsp;&nbsp;&nbsp;&nbsp;&nbsp;Estar vacunados al menos con la primera&nbsp; dosis de vacuna contra Covid-19.<\/p>\n\n\n\n<p>4.&nbsp;&nbsp;&nbsp;&nbsp;&nbsp;Firmar un consentimiento informado en relaci\u00f3n a la situaci\u00f3n de riesgo que existe en los establecimientos hospitalarios y a la vez comprometerse a cumplir dentro y fuera de las instituciones&nbsp; una conducta preventiva que minimice las posibilidades de contagio.<\/p>\n\n\n\n<p>5.&nbsp;&nbsp;&nbsp;&nbsp;&nbsp;Comunicar a la instituci\u00f3n (Estamento de RRHH), cualquier situaci\u00f3n de enfermedad o s\u00edntoma relacionado a Covid-19 a la brevedad posible.<\/p>\n\n\n\n<p>6.&nbsp;&nbsp;&nbsp;&nbsp;&nbsp;Estar asegurados con cobertura de accidentes personales y responsabilidad civil mientras duren las actividades de pr\u00e1ctica.<\/p>\n\n\n\n<p>7.&nbsp;&nbsp;&nbsp;&nbsp;&nbsp;Estar provistos de los Equipos de Protecci\u00f3n Personal de acuerdo a la exposici\u00f3n al riesgo dentro de los hospitales (Seg\u00fan los protocolos espec\u00edficos de cada instituci\u00f3n hospitalaria, respetando distancias y n\u00famero de personas por dimensiones de los espacios de pr\u00e1ctica)<\/p>\n\n\n\n<p>8.&nbsp;&nbsp;&nbsp;&nbsp;&nbsp;Las y los alumnos deber\u00e1n ingresar al campo de pr\u00e1ctica con el acompa\u00f1amiento del docente, sin excepciones. El incumplimiento de esta obligaci\u00f3n puede dar lugar a la finalizaci\u00f3n de la pr\u00e1ctica, a criterio de la autoridad de salud.<\/p>\n\n\n\n<p>La autorizaci\u00f3n y\/o suspensi\u00f3n de las pr\u00e1cticas nosocomiales estar\u00e1n sujetas a las determinaciones del COE provincial, seg\u00fan la situaci\u00f3n epidemiol\u00f3gica, la que se dar\u00e1 a conocer en forma oportuna.<\/p>\n","protected":false},"excerpt":{"rendered":"<p>Las Ministras de Salud, Claudia Palladino y de&nbsp;Educaci\u00f3n, Andrea Centuri\u00f3n firmaron un convenio para autorizar las&nbsp;pr\u00e1cticas profesionales y pasant\u00edas de los estudiantes de las carreras de Enfermer\u00eda, An\u00e1lisis Cl\u00ednicos, Radiolog\u00eda e Instrumentaci\u00f3n Quir\u00fargica que dictan los Institutos de&nbsp;Educaci\u00f3n&nbsp;Superior de las Carreras de Salud. La normativa, expuesta mediante Resoluci\u00f3n Ministerial S y E N\u00ba 01\/2021 autoriza &#8230; <a title=\"Educaci\u00f3n y Salud firmaron convenio para autorizar las pr\u00e1cticas profesionales de alumnos de los IES de las carreras de salud\" class=\"read-more\" href=\"https:\/\/des-cat.infd.edu.ar\/sitio\/educacion-y-salud-firmaron-convenio-para-autorizar-las-practicas-profesionales-de-alumnos-de-los-ies-de-las-carreras-de-salud\/\" aria-label=\"More on Educaci\u00f3n y Salud firmaron convenio para autorizar las pr\u00e1cticas profesionales de alumnos de los IES de las carreras de salud\">[+]<\/a><\/p>\n","protected":false},"author":25057,"featured_media":0,"comment_status":"open","ping_status":"open","sticky":true,"template":"","format":"standard","meta":[],"categories":[53],"tags":[44,45,46,33],"acf":[],"_links":{"self":[{"href":"https:\/\/des-cat.infd.edu.ar\/sitio\/wp-json\/wp\/v2\/posts\/2211"}],"collection":[{"href":"https:\/\/des-cat.infd.edu.ar\/sitio\/wp-json\/wp\/v2\/posts"}],"about":[{"href":"https:\/\/des-cat.infd.edu.ar\/sitio\/wp-json\/wp\/v2\/types\/post"}],"author":[{"embeddable":true,"href":"https:\/\/des-cat.infd.edu.ar\/sitio\/wp-json\/wp\/v2\/users\/25057"}],"replies":[{"embeddable":true,"href":"https:\/\/des-cat.infd.edu.ar\/sitio\/wp-json\/wp\/v2\/comments?post=2211"}],"version-history":[{"count":1,"href":"https:\/\/des-cat.infd.edu.ar\/sitio\/wp-json\/wp\/v2\/posts\/2211\/revisions"}],"predecessor-version":[{"id":2215,"href":"https:\/\/des-cat.infd.edu.ar\/sitio\/wp-json\/wp\/v2\/posts\/2211\/revisions\/2215"}],"wp:attachment":[{"href":"https:\/\/des-cat.infd.edu.ar\/sitio\/wp-json\/wp\/v2\/media?parent=2211"}],"wp:term":[{"taxonomy":"category","embeddable":true,"href":"https:\/\/des-cat.infd.edu.ar\/sitio\/wp-json\/wp\/v2\/categories?post=2211"},{"taxonomy":"post_tag","embeddable":true,"href":"https:\/\/des-cat.infd.edu.ar\/sitio\/wp-json\/wp\/v2\/tags?post=2211"}],"curies":[{"name":"wp","href":"https:\/\/api.w.org\/{rel}","templated":true}]}}