{"id":2207,"date":"2021-09-03T17:31:20","date_gmt":"2021-09-03T20:31:20","guid":{"rendered":"https:\/\/des-cat.infd.edu.ar\/sitio\/?p=2207"},"modified":"2025-06-25T16:21:11","modified_gmt":"2025-06-25T19:21:11","slug":"nueva-convocatoria-a-concursos","status":"publish","type":"post","link":"https:\/\/des-cat.infd.edu.ar\/sitio\/nueva-convocatoria-a-concursos\/","title":{"rendered":"Nueva convocatoria a concursos"},"content":{"rendered":"\n<p>El Ministerio de Educaci\u00f3n a trav\u00e9s de la Direcci\u00f3n Provincial de Educaci\u00f3n Superior comunica que se encuentran disponibles nuevas C\u00e1tedras para Concursar en car\u00e1cter Interino y\/o Suplente en el Nivel Superior, de los siguientes Institutos de Educaci\u00f3n Superior de Gesti\u00f3n Estatal:<\/p>\n\n\n\n<p>1.&nbsp;&nbsp;&nbsp;&nbsp;&nbsp;&nbsp;&nbsp;&nbsp; Instituto de Educaci\u00f3n Superior de Fiambal\u00e1<\/p>\n\n\n\n<p>2.&nbsp;&nbsp;&nbsp;&nbsp;&nbsp;&nbsp;&nbsp;&nbsp; Instituto de Educaci\u00f3n Superior de Santa Rosa<\/p>\n\n\n\n<p>3.&nbsp;&nbsp;&nbsp;&nbsp;&nbsp;&nbsp;&nbsp;&nbsp; Instituto de Educaci\u00f3n Superior Maldones<\/p>\n\n\n\n<p>4.&nbsp;&nbsp;&nbsp;&nbsp;&nbsp;&nbsp;&nbsp;&nbsp; Instituto de Educaci\u00f3n Superior \u201cJos\u00e9 Cubas\u201d<\/p>\n\n\n\n<p>5.&nbsp;&nbsp;&nbsp;&nbsp;&nbsp;&nbsp;&nbsp;&nbsp; Instituto Superior de Arte y Comunicaci\u00f3n<\/p>\n\n\n\n<p>6.&nbsp;&nbsp;&nbsp;&nbsp;&nbsp;&nbsp;&nbsp;&nbsp; Instituto Superior T\u00e9cnico Industrial \u201cN\u00e9stor C. Kirchner\u201d<\/p>\n\n\n\n<p>7.&nbsp;&nbsp;&nbsp;&nbsp;&nbsp;&nbsp;&nbsp;&nbsp; Instituto de Educaci\u00f3n Superior \u201cJ. Manuel Chavarr\u00eda\u201d<\/p>\n\n\n\n<p>La convocatoria abarca los espacios curriculares incluidos en POF 2021, m\u00e1s aquellos&nbsp; que&nbsp; quedaron vacantes por: renuncias, licencias o desiertos luego del primer concurso.<\/p>\n\n\n\n<p>La presentaci\u00f3n de la documentaci\u00f3n: CV&nbsp; nominal, T\u00edtulos, Antecedentes y Proyecto de Trabajo se realizar\u00e1 en versi\u00f3n digital, a trav\u00e9s de la Plataforma de Tr\u00e1mites a Distancia (TAD).<\/p>\n\n\n\n<p>El Cronograma de esta nueva Convocatoria a Concurso para Espacios Curriculares Interinos y Suplentes en el Nivel Superior es el siguiente:<\/p>\n\n\n\n<p>\u00b7&nbsp;&nbsp;&nbsp;&nbsp;&nbsp;&nbsp;Publicaci\u00f3n y difusi\u00f3n del cronograma de concursos con fecha de apertura y cierre de inscripci\u00f3n \/ convocatoria a cobertura: 03 al 06\/09<\/p>\n\n\n\n<p>\u00b7&nbsp;&nbsp;&nbsp;&nbsp;&nbsp;&nbsp;Inscripci\u00f3n y presentaci\u00f3n&nbsp; digital de proyectos de trabajo, t\u00edtulos y antecedentes: 07 al 10\/09<\/p>\n\n\n\n<p>\u00b7&nbsp;&nbsp;&nbsp;&nbsp;&nbsp;&nbsp;Evaluaci\u00f3n de t\u00edtulos, antecedentes y proyecto de trabajo: 15\/09 al 22\/09<\/p>\n\n\n\n<p>\u00b7&nbsp;&nbsp;&nbsp;&nbsp;&nbsp;&nbsp;Publicaci\u00f3n del orden de m\u00e9rito: 23\/09<\/p>\n\n\n\n<p>\u00b7&nbsp;&nbsp;&nbsp;&nbsp;&nbsp;&nbsp;Per\u00edodo de tacha: 24\/09 al 27\/09<\/p>\n\n\n\n<p>\u00b7&nbsp;&nbsp;&nbsp;&nbsp;&nbsp;&nbsp;Entrevista: 28\/09 al 01\/10<\/p>\n\n\n\n<p>\u00b7&nbsp;&nbsp;&nbsp;&nbsp;&nbsp;&nbsp;Publicaci\u00f3n de orden de m\u00e9rito definitivo: 04\/10 o hasta 24 h posteriores de concluida la etapa de entrevista<\/p>\n\n\n\n<p>Las planillas correspondientes a las c\u00e1tedras disponibles pueden ser consultadas en el siguiente link:&nbsp;<a href=\"https:\/\/cutt.ly\/9WnTXtS\" target=\"_blank\" rel=\"noreferrer noopener\">https:\/\/cutt.ly\/9WnTXtS<\/a><\/p>\n","protected":false},"excerpt":{"rendered":"<p>El Ministerio de Educaci\u00f3n a trav\u00e9s de la Direcci\u00f3n Provincial de Educaci\u00f3n Superior comunica que se encuentran disponibles nuevas C\u00e1tedras para Concursar en car\u00e1cter Interino y\/o Suplente en el Nivel Superior, de los siguientes Institutos de Educaci\u00f3n Superior de Gesti\u00f3n Estatal: 1.&nbsp;&nbsp;&nbsp;&nbsp;&nbsp;&nbsp;&nbsp;&nbsp; Instituto de Educaci\u00f3n Superior de Fiambal\u00e1 2.&nbsp;&nbsp;&nbsp;&nbsp;&nbsp;&nbsp;&nbsp;&nbsp; Instituto de Educaci\u00f3n Superior de Santa &#8230; <a title=\"Nueva convocatoria a concursos\" class=\"read-more\" href=\"https:\/\/des-cat.infd.edu.ar\/sitio\/nueva-convocatoria-a-concursos\/\" aria-label=\"More on Nueva convocatoria a concursos\">[+]<\/a><\/p>\n","protected":false},"author":25057,"featured_media":0,"comment_status":"open","ping_status":"open","sticky":false,"template":"","format":"standard","meta":[],"categories":[53],"tags":[],"acf":[],"_links":{"self":[{"href":"https:\/\/des-cat.infd.edu.ar\/sitio\/wp-json\/wp\/v2\/posts\/2207"}],"collection":[{"href":"https:\/\/des-cat.infd.edu.ar\/sitio\/wp-json\/wp\/v2\/posts"}],"about":[{"href":"https:\/\/des-cat.infd.edu.ar\/sitio\/wp-json\/wp\/v2\/types\/post"}],"author":[{"embeddable":true,"href":"https:\/\/des-cat.infd.edu.ar\/sitio\/wp-json\/wp\/v2\/users\/25057"}],"replies":[{"embeddable":true,"href":"https:\/\/des-cat.infd.edu.ar\/sitio\/wp-json\/wp\/v2\/comments?post=2207"}],"version-history":[{"count":1,"href":"https:\/\/des-cat.infd.edu.ar\/sitio\/wp-json\/wp\/v2\/posts\/2207\/revisions"}],"predecessor-version":[{"id":2208,"href":"https:\/\/des-cat.infd.edu.ar\/sitio\/wp-json\/wp\/v2\/posts\/2207\/revisions\/2208"}],"wp:attachment":[{"href":"https:\/\/des-cat.infd.edu.ar\/sitio\/wp-json\/wp\/v2\/media?parent=2207"}],"wp:term":[{"taxonomy":"category","embeddable":true,"href":"https:\/\/des-cat.infd.edu.ar\/sitio\/wp-json\/wp\/v2\/categories?post=2207"},{"taxonomy":"post_tag","embeddable":true,"href":"https:\/\/des-cat.infd.edu.ar\/sitio\/wp-json\/wp\/v2\/tags?post=2207"}],"curies":[{"name":"wp","href":"https:\/\/api.w.org\/{rel}","templated":true}]}}