{"id":2201,"date":"2021-08-27T22:06:16","date_gmt":"2021-08-28T01:06:16","guid":{"rendered":"https:\/\/des-cat.infd.edu.ar\/sitio\/?p=2201"},"modified":"2025-06-25T16:21:50","modified_gmt":"2025-06-25T19:21:50","slug":"la-directora-de-educacion-superior-escucho-a-estudiantes-del-ies-de-andalgala","status":"publish","type":"post","link":"https:\/\/des-cat.infd.edu.ar\/sitio\/la-directora-de-educacion-superior-escucho-a-estudiantes-del-ies-de-andalgala\/","title":{"rendered":"La directora de Educaci\u00f3n Superior escuch\u00f3 a estudiantes del IES de Andalgal\u00e1"},"content":{"rendered":"\n<figure class=\"wp-block-image size-large\"><img decoding=\"async\" loading=\"lazy\" width=\"1500\" height=\"1000\" src=\"https:\/\/des-cat.infd.edu.ar\/sitio\/wp-content\/uploads\/2021\/08\/La-directora-de-Educacio\u0301n-Superior-escucho\u0301-a-estudiantes-del-IES-de-Andalgala\u0301.jpeg\" alt=\"\" class=\"wp-image-2203\" srcset=\"https:\/\/des-cat.infd.edu.ar\/sitio\/wp-content\/uploads\/2021\/08\/La-directora-de-Educacio\u0301n-Superior-escucho\u0301-a-estudiantes-del-IES-de-Andalgala\u0301.jpeg 1500w, https:\/\/des-cat.infd.edu.ar\/sitio\/wp-content\/uploads\/2021\/08\/La-directora-de-Educacio\u0301n-Superior-escucho\u0301-a-estudiantes-del-IES-de-Andalgala\u0301-1000x667.jpeg 1000w, https:\/\/des-cat.infd.edu.ar\/sitio\/wp-content\/uploads\/2021\/08\/La-directora-de-Educacio\u0301n-Superior-escucho\u0301-a-estudiantes-del-IES-de-Andalgala\u0301-768x512.jpeg 768w\" sizes=\"(max-width: 1500px) 100vw, 1500px\" \/><\/figure>\n\n\n\n<p>En la jornada de hoy la directora provincial de Educaci\u00f3n Superior, Anah\u00ed Perea, se traslad\u00f3 hasta la ciudad de Andalgal\u00e1 donde se reuni\u00f3 con estudiantes de las diferentes carreras del IES local,\u00a0 quienes plantearon sus inquietudes respecto a las pr\u00e1cticas y residencia en carreras de formaci\u00f3n docente, pr\u00e1cticas profesionalizantes en las Tecnicaturas Superiores y la falta de docentes para el dictado de algunas c\u00e1tedras. De la reuni\u00f3n particip\u00f3 tambi\u00e9n el senador Horacio Gutierrez quien mostr\u00f3 su predisposici\u00f3n para colaborar en los asuntos educativos.<\/p>\n\n\n\n<p>En tal sentido, Perea se comprometi\u00f3 a realizar las gestiones para articular con las instituciones co-formadoras de los diferentes niveles de educaci\u00f3n obligatoria,\u00a0 a trav\u00e9s de los directores y supervisores de las \u00e1reas, para garantizar as\u00ed, que los estudiantes en condiciones acad\u00e9micas puedan realizar las pr\u00e1cticas y culminar con su formaci\u00f3n para obtener el t\u00edtulo. Cabe destacar que son las instituciones de nivel quienes previamente deben autorizar el ingreso de los alumnos practicantes.<\/p>\n\n\n\n<figure class=\"wp-block-image size-large\"><img decoding=\"async\" loading=\"lazy\" width=\"1500\" height=\"1000\" src=\"https:\/\/des-cat.infd.edu.ar\/sitio\/wp-content\/uploads\/2021\/08\/La-directora-de-Educacio\u0301n-Superior-escucho\u0301-a-estudiantes-del-IES-de-Andalgala\u03011.jpeg\" alt=\"\" class=\"wp-image-2204\" srcset=\"https:\/\/des-cat.infd.edu.ar\/sitio\/wp-content\/uploads\/2021\/08\/La-directora-de-Educacio\u0301n-Superior-escucho\u0301-a-estudiantes-del-IES-de-Andalgala\u03011.jpeg 1500w, https:\/\/des-cat.infd.edu.ar\/sitio\/wp-content\/uploads\/2021\/08\/La-directora-de-Educacio\u0301n-Superior-escucho\u0301-a-estudiantes-del-IES-de-Andalgala\u03011-1000x667.jpeg 1000w, https:\/\/des-cat.infd.edu.ar\/sitio\/wp-content\/uploads\/2021\/08\/La-directora-de-Educacio\u0301n-Superior-escucho\u0301-a-estudiantes-del-IES-de-Andalgala\u03011-768x512.jpeg 768w\" sizes=\"(max-width: 1500px) 100vw, 1500px\" \/><\/figure>\n\n\n\n<p><\/p>\n\n\n\n<p>En relaci\u00f3n con las Tecnicaturas Superiores de la salud, como en el caso de Enfermer\u00eda, An\u00e1lisis Cl\u00ednicos, Instrumentador Quir\u00fargico, entre otras, aclar\u00f3 que se aguarda la firma del convenio con el ministerio de Salud, el cual est\u00e1 avanzado, para poder realizar las pr\u00e1cticas en los centros de salud correspondientes; finalmente en relaci\u00f3n a las c\u00e1tedras sin docentes se comunic\u00f3 que se encuentra en desarrollo un nuevo concurso para cobertura de horas c\u00e1tedras de nivel superior,&nbsp; con el que se espera cubrir el ciento por ciento de las c\u00e1tedras vacantes de POF 2021.<\/p>\n\n\n\n<p>Posteriormente la Directora visit\u00f3 el IES y trabaj\u00f3 junto a las autoridades en un plan para resolver y subsanar situaciones acad\u00e9micas y de organizaci\u00f3n institucional que fortalezcan la gesti\u00f3n del equipo y favorezcan las trayectorias escolares de los estudiantes de las diversas carreras.<\/p>\n","protected":false},"excerpt":{"rendered":"<p>En la jornada de hoy la directora provincial de Educaci\u00f3n Superior, Anah\u00ed Perea, se traslad\u00f3 hasta la ciudad de Andalgal\u00e1 donde se reuni\u00f3 con estudiantes de las diferentes carreras del IES local,\u00a0 quienes plantearon sus inquietudes respecto a las pr\u00e1cticas y residencia en carreras de formaci\u00f3n docente, pr\u00e1cticas profesionalizantes en las Tecnicaturas Superiores y la &#8230; <a title=\"La directora de Educaci\u00f3n Superior escuch\u00f3 a estudiantes del IES de Andalgal\u00e1\" class=\"read-more\" href=\"https:\/\/des-cat.infd.edu.ar\/sitio\/la-directora-de-educacion-superior-escucho-a-estudiantes-del-ies-de-andalgala\/\" aria-label=\"More on La directora de Educaci\u00f3n Superior escuch\u00f3 a estudiantes del IES de Andalgal\u00e1\">[+]<\/a><\/p>\n","protected":false},"author":25057,"featured_media":0,"comment_status":"open","ping_status":"open","sticky":false,"template":"","format":"standard","meta":[],"categories":[53],"tags":[],"acf":[],"_links":{"self":[{"href":"https:\/\/des-cat.infd.edu.ar\/sitio\/wp-json\/wp\/v2\/posts\/2201"}],"collection":[{"href":"https:\/\/des-cat.infd.edu.ar\/sitio\/wp-json\/wp\/v2\/posts"}],"about":[{"href":"https:\/\/des-cat.infd.edu.ar\/sitio\/wp-json\/wp\/v2\/types\/post"}],"author":[{"embeddable":true,"href":"https:\/\/des-cat.infd.edu.ar\/sitio\/wp-json\/wp\/v2\/users\/25057"}],"replies":[{"embeddable":true,"href":"https:\/\/des-cat.infd.edu.ar\/sitio\/wp-json\/wp\/v2\/comments?post=2201"}],"version-history":[{"count":1,"href":"https:\/\/des-cat.infd.edu.ar\/sitio\/wp-json\/wp\/v2\/posts\/2201\/revisions"}],"predecessor-version":[{"id":2205,"href":"https:\/\/des-cat.infd.edu.ar\/sitio\/wp-json\/wp\/v2\/posts\/2201\/revisions\/2205"}],"wp:attachment":[{"href":"https:\/\/des-cat.infd.edu.ar\/sitio\/wp-json\/wp\/v2\/media?parent=2201"}],"wp:term":[{"taxonomy":"category","embeddable":true,"href":"https:\/\/des-cat.infd.edu.ar\/sitio\/wp-json\/wp\/v2\/categories?post=2201"},{"taxonomy":"post_tag","embeddable":true,"href":"https:\/\/des-cat.infd.edu.ar\/sitio\/wp-json\/wp\/v2\/tags?post=2201"}],"curies":[{"name":"wp","href":"https:\/\/api.w.org\/{rel}","templated":true}]}}