{"id":2196,"date":"2021-08-23T21:45:13","date_gmt":"2021-08-24T00:45:13","guid":{"rendered":"https:\/\/des-cat.infd.edu.ar\/sitio\/?p=2196"},"modified":"2025-06-25T16:22:11","modified_gmt":"2025-06-25T19:22:11","slug":"inscripcion-para-cobertura-de-horas-catedras-de-nivel-superior","status":"publish","type":"post","link":"https:\/\/des-cat.infd.edu.ar\/sitio\/inscripcion-para-cobertura-de-horas-catedras-de-nivel-superior\/","title":{"rendered":"Inscripci\u00f3n para cobertura de horas c\u00e1tedras de Nivel Superior"},"content":{"rendered":"\n<p>El Ministerio de Educaci\u00f3n de la Provincia informa a los postulantes a cubrir c\u00e1tedras disponibles en el Institutos de Nivel Superior de la Provincia, que deber\u00e1n registrar su inscripci\u00f3n de acuerdo a los plazos que establezca por cronograma la Direcci\u00f3n de Educaci\u00f3n Superior.<\/p>\n\n\n\n<p>La inscripci\u00f3n se realizar\u00e1 a&nbsp; trav\u00e9s de la Plataforma de Tr\u00e1mites a Distancia (TAD)&nbsp;<a href=\"https:\/\/tad.catamarca.gob.ar\/tramitesadistancia\/nuevo-tramite\" target=\"_blank\" rel=\"noreferrer noopener\">https:\/\/tad.catamarca.gob.ar\/tramitesadistancia\/nuevo-tramite<\/a>&nbsp;para lo que deber\u00e1n loguearse con su CUIL y Clave de AFIP y posteriormente completar y\/o adjuntar la informaci\u00f3n solicitada:<\/p>\n\n\n\n<p>a)&nbsp;&nbsp;&nbsp;&nbsp;&nbsp;&nbsp;&nbsp;&nbsp; Instituto para el que se inscribe.<\/p>\n\n\n\n<p>b)&nbsp;&nbsp;&nbsp;&nbsp;&nbsp;&nbsp;&nbsp; CV Nominal (Apellido y Nombre, N\u00famero de DNI, Fecha y Lugar de Nacimiento, Domicilio, Tel\u00e9fono, mail, Formaci\u00f3n Acad\u00e9mica detallando de mayor a menor titulaci\u00f3n\/certificaci\u00f3n, antecedentes laborales, antecedentes acad\u00e9micos).<\/p>\n\n\n\n<p>c)&nbsp;&nbsp;&nbsp;&nbsp;&nbsp;&nbsp;&nbsp;&nbsp; T\u00edtulos y\/o Certificado Anal\u00edtico.<\/p>\n\n\n\n<p>d)&nbsp;&nbsp;&nbsp;&nbsp;&nbsp;&nbsp;&nbsp; Antecedentes digitalizados&nbsp; (copia de DNI, certificaciones de antig\u00fcedad, certificaciones de cursos, congresos, jornadas y seminarios, certificaciones de post\u00edtulos, certificaciones de publicaciones, concursos ganados, jurados de concursos, premios, distinciones, actividades de extensi\u00f3n vinculados con el espacio curricular a concursar).<\/p>\n\n\n\n<p>e)&nbsp;&nbsp;&nbsp;&nbsp;&nbsp;&nbsp;&nbsp; Proyecto de Trabajo (espacio curricular, carrera, curso, fundamentaci\u00f3n, capacidades o aprendizajes a desarrollar, contenidos organizados por ejes o n\u00facleos tem\u00e1ticos, encuadre metodol\u00f3gico-did\u00e1ctico; selecci\u00f3n y uso de recursos materiales, articulaci\u00f3n con otros espacios curriculares de la carrera, aportes innovadores, propuesta de evaluaci\u00f3n, bibliograf\u00eda).&nbsp;<\/p>\n","protected":false},"excerpt":{"rendered":"<p>El Ministerio de Educaci\u00f3n de la Provincia informa a los postulantes a cubrir c\u00e1tedras disponibles en el Institutos de Nivel Superior de la Provincia, que deber\u00e1n registrar su inscripci\u00f3n de acuerdo a los plazos que establezca por cronograma la Direcci\u00f3n de Educaci\u00f3n Superior. La inscripci\u00f3n se realizar\u00e1 a&nbsp; trav\u00e9s de la Plataforma de Tr\u00e1mites a &#8230; <a title=\"Inscripci\u00f3n para cobertura de horas c\u00e1tedras de Nivel Superior\" class=\"read-more\" href=\"https:\/\/des-cat.infd.edu.ar\/sitio\/inscripcion-para-cobertura-de-horas-catedras-de-nivel-superior\/\" aria-label=\"More on Inscripci\u00f3n para cobertura de horas c\u00e1tedras de Nivel Superior\">[+]<\/a><\/p>\n","protected":false},"author":25057,"featured_media":0,"comment_status":"open","ping_status":"open","sticky":false,"template":"","format":"standard","meta":[],"categories":[53],"tags":[],"acf":[],"_links":{"self":[{"href":"https:\/\/des-cat.infd.edu.ar\/sitio\/wp-json\/wp\/v2\/posts\/2196"}],"collection":[{"href":"https:\/\/des-cat.infd.edu.ar\/sitio\/wp-json\/wp\/v2\/posts"}],"about":[{"href":"https:\/\/des-cat.infd.edu.ar\/sitio\/wp-json\/wp\/v2\/types\/post"}],"author":[{"embeddable":true,"href":"https:\/\/des-cat.infd.edu.ar\/sitio\/wp-json\/wp\/v2\/users\/25057"}],"replies":[{"embeddable":true,"href":"https:\/\/des-cat.infd.edu.ar\/sitio\/wp-json\/wp\/v2\/comments?post=2196"}],"version-history":[{"count":1,"href":"https:\/\/des-cat.infd.edu.ar\/sitio\/wp-json\/wp\/v2\/posts\/2196\/revisions"}],"predecessor-version":[{"id":2197,"href":"https:\/\/des-cat.infd.edu.ar\/sitio\/wp-json\/wp\/v2\/posts\/2196\/revisions\/2197"}],"wp:attachment":[{"href":"https:\/\/des-cat.infd.edu.ar\/sitio\/wp-json\/wp\/v2\/media?parent=2196"}],"wp:term":[{"taxonomy":"category","embeddable":true,"href":"https:\/\/des-cat.infd.edu.ar\/sitio\/wp-json\/wp\/v2\/categories?post=2196"},{"taxonomy":"post_tag","embeddable":true,"href":"https:\/\/des-cat.infd.edu.ar\/sitio\/wp-json\/wp\/v2\/tags?post=2196"}],"curies":[{"name":"wp","href":"https:\/\/api.w.org\/{rel}","templated":true}]}}