{"id":2192,"date":"2021-08-21T21:42:57","date_gmt":"2021-08-22T00:42:57","guid":{"rendered":"https:\/\/des-cat.infd.edu.ar\/sitio\/?p=2192"},"modified":"2025-06-25T16:22:01","modified_gmt":"2025-06-25T19:22:01","slug":"convocatoria-a-concurso-de-cobertura-de-espacios-curriculares-en-el-nivel-superior","status":"publish","type":"post","link":"https:\/\/des-cat.infd.edu.ar\/sitio\/convocatoria-a-concurso-de-cobertura-de-espacios-curriculares-en-el-nivel-superior\/","title":{"rendered":"Convocatoria a concurso de cobertura de espacios curriculares en el Nivel Superior"},"content":{"rendered":"\n<p>El Ministerio de Educaci\u00f3n a trav\u00e9s de la Direcci\u00f3n Provincial de Educaci\u00f3n Superior comunica&nbsp; que se encuentran disponibles los listados para la nueva convocatoria a Concurso de Cobertura de Espacios Curriculares Interinos y Suplentes en el Nivel Superior, de los siguientes Institutos de Educaci\u00f3n Superior de Gesti\u00f3n Estatal:<\/p>\n\n\n\n<p>1.&nbsp;&nbsp;&nbsp;&nbsp;&nbsp;&nbsp;&nbsp;&nbsp; Instituto de Educaci\u00f3n Superior de Andalgal\u00e1<\/p>\n\n\n\n<p>2.&nbsp;&nbsp;&nbsp;&nbsp;&nbsp;&nbsp;&nbsp;&nbsp; Instituto de Educaci\u00f3n Superior de Pom\u00e1n<\/p>\n\n\n\n<p>3.&nbsp;&nbsp;&nbsp;&nbsp;&nbsp;&nbsp;&nbsp;&nbsp; Instituto de Educaci\u00f3n Superior Recreo<\/p>\n\n\n\n<p>4.&nbsp;&nbsp;&nbsp;&nbsp;&nbsp;&nbsp;&nbsp;&nbsp; Instituto de Educaci\u00f3n Superior de Santa Mar\u00eda<\/p>\n\n\n\n<p>5.&nbsp;&nbsp;&nbsp;&nbsp;&nbsp;&nbsp;&nbsp;&nbsp; Instituto Superior \u201cClara J. Armstrong\u201d<\/p>\n\n\n\n<p>6.&nbsp;&nbsp;&nbsp;&nbsp;&nbsp;&nbsp;&nbsp;&nbsp; Instituto de Educaci\u00f3n Superior de Bel\u00e9n<\/p>\n\n\n\n<p>7.&nbsp;&nbsp;&nbsp;&nbsp;&nbsp;&nbsp;&nbsp;&nbsp; Instituto Superior de Educaci\u00f3n F\u00edsica<\/p>\n\n\n\n<p>8.&nbsp;&nbsp;&nbsp;&nbsp;&nbsp;&nbsp;&nbsp;&nbsp; Instituto de Educaci\u00f3n Superior \u201cJ. Manuel Chavarr\u00eda\u201d<\/p>\n\n\n\n<p>La convocatoria abarca los espacios curriculares incluidos en POF 2021, m\u00e1s aquellos&nbsp; que&nbsp; quedaron vacantes por: renuncias, licencias o desiertos luego del primer concurso.<\/p>\n\n\n\n<p>La presentaci\u00f3n de la documentaci\u00f3n: CV&nbsp; nominal, T\u00edtulos, Antecedentes y Proyecto de Trabajo se realizar\u00e1 en versi\u00f3n digital, a trav\u00e9s de los formularios habilitados para tal fin, en las p\u00e1ginas web de cada instituci\u00f3n.<\/p>\n\n\n\n<p>El Cronograma de la Convocatoria a Concurso de Cobertura de Espacios Curriculares Interinos y Suplentes en el Nivel Superior es el siguiente:<\/p>\n\n\n\n<ul><li>Publicaci\u00f3n y difusi\u00f3n del cronograma de concursos con fecha de apertura y cierre de inscripci\u00f3n \/ convocatoria a cobertura: 21 al 23\/08<\/li><li>Inscripci\u00f3n y presentaci\u00f3n&nbsp; digital de proyectos de trabajo, t\u00edtulos y antecedentes: 24 al 28\/08<\/li><li>Evaluaci\u00f3n de t\u00edtulos, antecedentes y proyecto de trabajo: 30\/08 al 03\/09<\/li><li>Publicaci\u00f3n del orden de m\u00e9rito: 06\/09<\/li><li>Per\u00edodo de tacha: 07\/09 al 09\/09<\/li><li>Entrevista: 13\/09 al 16\/09<\/li><li>Publicaci\u00f3n de orden de m\u00e9rito definitivo: 17\/09 o hasta 24 h posteriores de concluida la etapa de entrevista<\/li><\/ul>\n\n\n\n<p>Los listados pueden consultarse en el siguiente link:<strong> <a rel=\"noreferrer noopener\" href=\"https:\/\/cutt.ly\/SQ4tMul\" target=\"_blank\">https:\/\/cutt.ly\/SQ4tMul<\/a><\/strong><\/p>\n","protected":false},"excerpt":{"rendered":"<p>El Ministerio de Educaci\u00f3n a trav\u00e9s de la Direcci\u00f3n Provincial de Educaci\u00f3n Superior comunica&nbsp; que se encuentran disponibles los listados para la nueva convocatoria a Concurso de Cobertura de Espacios Curriculares Interinos y Suplentes en el Nivel Superior, de los siguientes Institutos de Educaci\u00f3n Superior de Gesti\u00f3n Estatal: 1.&nbsp;&nbsp;&nbsp;&nbsp;&nbsp;&nbsp;&nbsp;&nbsp; Instituto de Educaci\u00f3n Superior de Andalgal\u00e1 &#8230; <a title=\"Convocatoria a concurso de cobertura de espacios curriculares en el Nivel Superior\" class=\"read-more\" href=\"https:\/\/des-cat.infd.edu.ar\/sitio\/convocatoria-a-concurso-de-cobertura-de-espacios-curriculares-en-el-nivel-superior\/\" aria-label=\"More on Convocatoria a concurso de cobertura de espacios curriculares en el Nivel Superior\">[+]<\/a><\/p>\n","protected":false},"author":25057,"featured_media":0,"comment_status":"open","ping_status":"open","sticky":true,"template":"","format":"standard","meta":[],"categories":[53],"tags":[42,43,38,32,33],"acf":[],"_links":{"self":[{"href":"https:\/\/des-cat.infd.edu.ar\/sitio\/wp-json\/wp\/v2\/posts\/2192"}],"collection":[{"href":"https:\/\/des-cat.infd.edu.ar\/sitio\/wp-json\/wp\/v2\/posts"}],"about":[{"href":"https:\/\/des-cat.infd.edu.ar\/sitio\/wp-json\/wp\/v2\/types\/post"}],"author":[{"embeddable":true,"href":"https:\/\/des-cat.infd.edu.ar\/sitio\/wp-json\/wp\/v2\/users\/25057"}],"replies":[{"embeddable":true,"href":"https:\/\/des-cat.infd.edu.ar\/sitio\/wp-json\/wp\/v2\/comments?post=2192"}],"version-history":[{"count":1,"href":"https:\/\/des-cat.infd.edu.ar\/sitio\/wp-json\/wp\/v2\/posts\/2192\/revisions"}],"predecessor-version":[{"id":2193,"href":"https:\/\/des-cat.infd.edu.ar\/sitio\/wp-json\/wp\/v2\/posts\/2192\/revisions\/2193"}],"wp:attachment":[{"href":"https:\/\/des-cat.infd.edu.ar\/sitio\/wp-json\/wp\/v2\/media?parent=2192"}],"wp:term":[{"taxonomy":"category","embeddable":true,"href":"https:\/\/des-cat.infd.edu.ar\/sitio\/wp-json\/wp\/v2\/categories?post=2192"},{"taxonomy":"post_tag","embeddable":true,"href":"https:\/\/des-cat.infd.edu.ar\/sitio\/wp-json\/wp\/v2\/tags?post=2192"}],"curies":[{"name":"wp","href":"https:\/\/api.w.org\/{rel}","templated":true}]}}