{"id":2184,"date":"2021-08-11T19:49:04","date_gmt":"2021-08-11T22:49:04","guid":{"rendered":"https:\/\/des-cat.infd.edu.ar\/sitio\/?p=2184"},"modified":"2025-06-25T16:23:41","modified_gmt":"2025-06-25T19:23:41","slug":"nuevos-cursos-de-formacion-docente","status":"publish","type":"post","link":"https:\/\/des-cat.infd.edu.ar\/sitio\/nuevos-cursos-de-formacion-docente\/","title":{"rendered":"Nuevos cursos de formaci\u00f3n docente"},"content":{"rendered":"\n<p>La Direcci\u00f3n Provincial de Educaci\u00f3n Superior informa que <strong>ya est\u00e1 abierta la inscripci\u00f3n para los cursos de formaci\u00f3n especializada destinados a la comunidad educativa y organizados por el Instituto Nacional de Formaci\u00f3n Docente del Ministerio de Educaci\u00f3n de la Naci\u00f3n.<\/strong><\/p>\n\n\n\n<div class=\"wp-block-image\"><figure class=\"alignleft size-large is-resized\"><img decoding=\"async\" loading=\"lazy\" src=\"https:\/\/des-cat.infd.edu.ar\/sitio\/wp-content\/uploads\/2021\/08\/Cursos-virtuales-2021.jpg\" alt=\"\" class=\"wp-image-2186\" width=\"430\" height=\"430\" srcset=\"https:\/\/des-cat.infd.edu.ar\/sitio\/wp-content\/uploads\/2021\/08\/Cursos-virtuales-2021.jpg 1000w, https:\/\/des-cat.infd.edu.ar\/sitio\/wp-content\/uploads\/2021\/08\/Cursos-virtuales-2021-500x500.jpg 500w, https:\/\/des-cat.infd.edu.ar\/sitio\/wp-content\/uploads\/2021\/08\/Cursos-virtuales-2021-768x768.jpg 768w\" sizes=\"(max-width: 430px) 100vw, 430px\" \/><\/figure><\/div>\n\n\n\n<p>Los cursos son gratuitos, de acceso universal y est\u00e1n destinados a directivos, formadores y docentes de todos los niveles y modalidades de todo el pa\u00eds. Duran entre 2 y 3 meses, la modalidad de cursada es enteramente virtual y otorgan certificaci\u00f3n.<\/p>\n\n\n\n<p>La oferta de este semestre es de 36 cursos entre tutorados y autoasistidos. La propuesta formativa promueve la reflexi\u00f3n sobre la escuela del presente y del futuro. Busca impulsar un desarrollo profesional actualizado atento a los problemas de gesti\u00f3n de las instituciones, los procesos de ense\u00f1anza en escenarios de multimodalidad y a temas contempor\u00e1neos de importancia curricular que contribuyan a garantizar las condiciones de igualdad educativa.<\/p>\n\n\n\n<p>La inscripci\u00f3n se realizar\u00e1 desde el 3 de agosto y hasta agotar el cupo de cada curso, a trav\u00e9s del&nbsp;<a rel=\"noreferrer noopener\" href=\"https:\/\/formacion.juanamanso.edu.ar\/cursos?provider=1\" target=\"_blank\">sitio del \u201cPlan Federal Juana Manso\u201d<u>.<\/u><\/a><br>Recomendamos revisar la descripci\u00f3n y los requisitos de cada&nbsp;curso&nbsp;antes de realizar la inscripci\u00f3n, ya que fueron dise\u00f1ados para destinatarios espec\u00edficos.&nbsp;Para mayor informaci\u00f3n respecto de la oferta formativa es posible contactarse a&nbsp;<a rel=\"noreferrer noopener\" href=\"mailto:soportecursos@infd.edu.ar\" target=\"_blank\"><u>soportecursos@infd.edu.ar<\/u><\/a><\/p>\n\n\n\n<p>Para registrase por primera vez&nbsp;en la plataforma Juana Manso,&nbsp;los\/las interesados\/as deber\u00e1n&nbsp;<a rel=\"noreferrer noopener\" href=\"https:\/\/cuentas.juanamanso.edu.ar\/acceder\" target=\"_blank\">ingresar aqu\u00ed<\/a><br>Para consultas referidas al proceso de registro, se deber\u00e1 contactar a la&nbsp;<strong>mesa de ayuda &nbsp;de lunes a viernes de 08 a 20 horas al 0800 444 111 o al correo electr\u00f3nico&nbsp;<a rel=\"noreferrer noopener\" href=\"mailto:info@juanamanso.edu.ar\" target=\"_blank\"><u>info@juanamanso.edu.ar<\/u><\/a><\/strong><\/p>\n","protected":false},"excerpt":{"rendered":"<p>La Direcci\u00f3n Provincial de Educaci\u00f3n Superior informa que ya est\u00e1 abierta la inscripci\u00f3n para los cursos de formaci\u00f3n especializada destinados a la comunidad educativa y organizados por el Instituto Nacional de Formaci\u00f3n Docente del Ministerio de Educaci\u00f3n de la Naci\u00f3n. Los cursos son gratuitos, de acceso universal y est\u00e1n destinados a directivos, formadores y docentes &#8230; <a title=\"Nuevos cursos de formaci\u00f3n docente\" class=\"read-more\" href=\"https:\/\/des-cat.infd.edu.ar\/sitio\/nuevos-cursos-de-formacion-docente\/\" aria-label=\"More on Nuevos cursos de formaci\u00f3n docente\">[+]<\/a><\/p>\n","protected":false},"author":25057,"featured_media":0,"comment_status":"open","ping_status":"open","sticky":false,"template":"","format":"standard","meta":[],"categories":[53],"tags":[],"acf":[],"_links":{"self":[{"href":"https:\/\/des-cat.infd.edu.ar\/sitio\/wp-json\/wp\/v2\/posts\/2184"}],"collection":[{"href":"https:\/\/des-cat.infd.edu.ar\/sitio\/wp-json\/wp\/v2\/posts"}],"about":[{"href":"https:\/\/des-cat.infd.edu.ar\/sitio\/wp-json\/wp\/v2\/types\/post"}],"author":[{"embeddable":true,"href":"https:\/\/des-cat.infd.edu.ar\/sitio\/wp-json\/wp\/v2\/users\/25057"}],"replies":[{"embeddable":true,"href":"https:\/\/des-cat.infd.edu.ar\/sitio\/wp-json\/wp\/v2\/comments?post=2184"}],"version-history":[{"count":2,"href":"https:\/\/des-cat.infd.edu.ar\/sitio\/wp-json\/wp\/v2\/posts\/2184\/revisions"}],"predecessor-version":[{"id":2189,"href":"https:\/\/des-cat.infd.edu.ar\/sitio\/wp-json\/wp\/v2\/posts\/2184\/revisions\/2189"}],"wp:attachment":[{"href":"https:\/\/des-cat.infd.edu.ar\/sitio\/wp-json\/wp\/v2\/media?parent=2184"}],"wp:term":[{"taxonomy":"category","embeddable":true,"href":"https:\/\/des-cat.infd.edu.ar\/sitio\/wp-json\/wp\/v2\/categories?post=2184"},{"taxonomy":"post_tag","embeddable":true,"href":"https:\/\/des-cat.infd.edu.ar\/sitio\/wp-json\/wp\/v2\/tags?post=2184"}],"curies":[{"name":"wp","href":"https:\/\/api.w.org\/{rel}","templated":true}]}}