{"id":2177,"date":"2021-08-06T19:40:32","date_gmt":"2021-08-06T22:40:32","guid":{"rendered":"https:\/\/des-cat.infd.edu.ar\/sitio\/?p=2177"},"modified":"2025-06-25T16:23:55","modified_gmt":"2025-06-25T19:23:55","slug":"altas-docentes-2021","status":"publish","type":"post","link":"https:\/\/des-cat.infd.edu.ar\/sitio\/altas-docentes-2021\/","title":{"rendered":"Altas Docentes 2021"},"content":{"rendered":"\n<p>El Ministerio de Educaci\u00f3n conjuntamente con el Ministerio de Planificaci\u00f3n y Modernizaci\u00f3n informan a la comunidad docente que todas las \u201cAltas 2021\u201d de Educaci\u00f3n Superior se realizar\u00e1n a trav\u00e9s de la plataforma de Tr\u00e1mites a Distancia (TAD) del gobierno de la provincia:\u00a0<a rel=\"noreferrer noopener\" href=\"https:\/\/tad.catamarca.gob.ar\/tramitesadistancia\/inicio-publico\" target=\"_blank\">https:\/\/tad.catamarca.gob.ar\/tramitesadistancia\/inicio-publico<\/a><\/p>\n\n\n\n<p>En el siguiente link encontrar\u00e1n material instructivo para realizar el tr\u00e1mite:&nbsp;<a href=\"https:\/\/cutt.ly\/OQQ689b\" target=\"_blank\" rel=\"noreferrer noopener\">https:\/\/cutt.ly\/OQQ689b<\/a><\/p>\n\n\n\n<p>Cabe destacar que la misma estar\u00e1 disponible a partir de las cero horas del 7 de agosto del corriente.&nbsp;<\/p>\n","protected":false},"excerpt":{"rendered":"<p>El Ministerio de Educaci\u00f3n conjuntamente con el Ministerio de Planificaci\u00f3n y Modernizaci\u00f3n informan a la comunidad docente que todas las \u201cAltas 2021\u201d de Educaci\u00f3n Superior se realizar\u00e1n a trav\u00e9s de la plataforma de Tr\u00e1mites a Distancia (TAD) del gobierno de la provincia:\u00a0https:\/\/tad.catamarca.gob.ar\/tramitesadistancia\/inicio-publico En el siguiente link encontrar\u00e1n material instructivo para realizar el tr\u00e1mite:&nbsp;https:\/\/cutt.ly\/OQQ689b Cabe destacar &#8230; <a title=\"Altas Docentes 2021\" class=\"read-more\" href=\"https:\/\/des-cat.infd.edu.ar\/sitio\/altas-docentes-2021\/\" aria-label=\"More on Altas Docentes 2021\">[+]<\/a><\/p>\n","protected":false},"author":25057,"featured_media":0,"comment_status":"open","ping_status":"open","sticky":false,"template":"","format":"standard","meta":[],"categories":[53],"tags":[37,38,40,33,41],"acf":[],"_links":{"self":[{"href":"https:\/\/des-cat.infd.edu.ar\/sitio\/wp-json\/wp\/v2\/posts\/2177"}],"collection":[{"href":"https:\/\/des-cat.infd.edu.ar\/sitio\/wp-json\/wp\/v2\/posts"}],"about":[{"href":"https:\/\/des-cat.infd.edu.ar\/sitio\/wp-json\/wp\/v2\/types\/post"}],"author":[{"embeddable":true,"href":"https:\/\/des-cat.infd.edu.ar\/sitio\/wp-json\/wp\/v2\/users\/25057"}],"replies":[{"embeddable":true,"href":"https:\/\/des-cat.infd.edu.ar\/sitio\/wp-json\/wp\/v2\/comments?post=2177"}],"version-history":[{"count":3,"href":"https:\/\/des-cat.infd.edu.ar\/sitio\/wp-json\/wp\/v2\/posts\/2177\/revisions"}],"predecessor-version":[{"id":2180,"href":"https:\/\/des-cat.infd.edu.ar\/sitio\/wp-json\/wp\/v2\/posts\/2177\/revisions\/2180"}],"wp:attachment":[{"href":"https:\/\/des-cat.infd.edu.ar\/sitio\/wp-json\/wp\/v2\/media?parent=2177"}],"wp:term":[{"taxonomy":"category","embeddable":true,"href":"https:\/\/des-cat.infd.edu.ar\/sitio\/wp-json\/wp\/v2\/categories?post=2177"},{"taxonomy":"post_tag","embeddable":true,"href":"https:\/\/des-cat.infd.edu.ar\/sitio\/wp-json\/wp\/v2\/tags?post=2177"}],"curies":[{"name":"wp","href":"https:\/\/api.w.org\/{rel}","templated":true}]}}