{"id":2163,"date":"2021-07-27T19:05:36","date_gmt":"2021-07-27T22:05:36","guid":{"rendered":"https:\/\/des-cat.infd.edu.ar\/sitio\/?p=2163"},"modified":"2025-06-25T16:24:09","modified_gmt":"2025-06-25T19:24:09","slug":"lineamientos-para-la-organizacion-institucional-y-academica-de-los-ies","status":"publish","type":"post","link":"https:\/\/des-cat.infd.edu.ar\/sitio\/lineamientos-para-la-organizacion-institucional-y-academica-de-los-ies\/","title":{"rendered":"Lineamientos para la organizaci\u00f3n institucional y acad\u00e9mica de los IES"},"content":{"rendered":"\n<p>La Direcci\u00f3n Provincial de Educaci\u00f3n Superior da a conocer a trav\u00e9s de la Resoluci\u00f3n Ministerial E.N\u00ba 252 cu\u00e1les ser\u00e1n los lineamientos para la organizaci\u00f3n institucional y acad\u00e9mica de los Institutos de Educaci\u00f3n Superior (IES) durante el ciclo lectivo 2021. <\/p>\n\n\n\n<p>En el documento se informan las disposiciones respecto a la organizaci\u00f3n institucional bajo el formato \u00abcombinado\u00bb que desarrolla las pr\u00e1cticas escolares alternando entre la presencialidad y la no presencialidad, tal como lo estableci\u00f3 el Ministerio de Educaci\u00f3n de la provincia para este a\u00f1o. <\/p>\n\n\n\n<p>Adem\u00e1s se detalla la modificaci\u00f3n de la agenda escolar 2021 para los establecimientos educativos de Nivel Superior, aprobada en la Resoluci\u00f3n Ministerial E.N\u00ba 252<\/p>\n\n\n\n<div class=\"wp-block-file\"><a href=\"https:\/\/des-cat.infd.edu.ar\/sitio\/wp-content\/uploads\/2021\/07\/Lineamientos-para-la-organizacion-institucional-y-academica-IES.pdf\">Lineamientos-para-la-organizacion-institucional-y-academica-IES<\/a><a href=\"https:\/\/des-cat.infd.edu.ar\/sitio\/wp-content\/uploads\/2021\/07\/Lineamientos-para-la-organizacion-institucional-y-academica-IES.pdf\" class=\"wp-block-file__button\" download>Descarga<\/a><\/div>\n\n\n\n<ul class=\"wp-block-social-links is-layout-flex\"><li class=\"wp-social-link wp-social-link-facebook wp-block-social-link\"><a href=\"https:\/\/www.facebook.com\/DPESUPERIOR\" class=\"wp-block-social-link-anchor\"><svg width=\"24\" height=\"24\" viewBox=\"0 0 24 24\" version=\"1.1\" xmlns=\"http:\/\/www.w3.org\/2000\/svg\" aria-hidden=\"true\" focusable=\"false\"><path d=\"M12 2C6.5 2 2 6.5 2 12c0 5 3.7 9.1 8.4 9.9v-7H7.9V12h2.5V9.8c0-2.5 1.5-3.9 3.8-3.9 1.1 0 2.2.2 2.2.2v2.5h-1.3c-1.2 0-1.6.8-1.6 1.6V12h2.8l-.4 2.9h-2.3v7C18.3 21.1 22 17 22 12c0-5.5-4.5-10-10-10z\"><\/path><\/svg><span class=\"wp-block-social-link-label screen-reader-text\">Facebook<\/span><\/a><\/li><\/ul>\n\n\n\n<p><\/p>\n","protected":false},"excerpt":{"rendered":"<p>La Direcci\u00f3n Provincial de Educaci\u00f3n Superior da a conocer a trav\u00e9s de la Resoluci\u00f3n Ministerial E.N\u00ba 252 cu\u00e1les ser\u00e1n los lineamientos para la organizaci\u00f3n institucional y acad\u00e9mica de los Institutos de Educaci\u00f3n Superior (IES) durante el ciclo lectivo 2021. En el documento se informan las disposiciones respecto a la organizaci\u00f3n institucional bajo el formato \u00abcombinado\u00bb &#8230; <a title=\"Lineamientos para la organizaci\u00f3n institucional y acad\u00e9mica de los IES\" class=\"read-more\" href=\"https:\/\/des-cat.infd.edu.ar\/sitio\/lineamientos-para-la-organizacion-institucional-y-academica-de-los-ies\/\" aria-label=\"More on Lineamientos para la organizaci\u00f3n institucional y acad\u00e9mica de los IES\">[+]<\/a><\/p>\n","protected":false},"author":25057,"featured_media":0,"comment_status":"open","ping_status":"open","sticky":false,"template":"","format":"standard","meta":[],"categories":[53],"tags":[36,35,32,34,33],"acf":[],"_links":{"self":[{"href":"https:\/\/des-cat.infd.edu.ar\/sitio\/wp-json\/wp\/v2\/posts\/2163"}],"collection":[{"href":"https:\/\/des-cat.infd.edu.ar\/sitio\/wp-json\/wp\/v2\/posts"}],"about":[{"href":"https:\/\/des-cat.infd.edu.ar\/sitio\/wp-json\/wp\/v2\/types\/post"}],"author":[{"embeddable":true,"href":"https:\/\/des-cat.infd.edu.ar\/sitio\/wp-json\/wp\/v2\/users\/25057"}],"replies":[{"embeddable":true,"href":"https:\/\/des-cat.infd.edu.ar\/sitio\/wp-json\/wp\/v2\/comments?post=2163"}],"version-history":[{"count":4,"href":"https:\/\/des-cat.infd.edu.ar\/sitio\/wp-json\/wp\/v2\/posts\/2163\/revisions"}],"predecessor-version":[{"id":2171,"href":"https:\/\/des-cat.infd.edu.ar\/sitio\/wp-json\/wp\/v2\/posts\/2163\/revisions\/2171"}],"wp:attachment":[{"href":"https:\/\/des-cat.infd.edu.ar\/sitio\/wp-json\/wp\/v2\/media?parent=2163"}],"wp:term":[{"taxonomy":"category","embeddable":true,"href":"https:\/\/des-cat.infd.edu.ar\/sitio\/wp-json\/wp\/v2\/categories?post=2163"},{"taxonomy":"post_tag","embeddable":true,"href":"https:\/\/des-cat.infd.edu.ar\/sitio\/wp-json\/wp\/v2\/tags?post=2163"}],"curies":[{"name":"wp","href":"https:\/\/api.w.org\/{rel}","templated":true}]}}