{"id":2149,"date":"2021-07-13T22:21:00","date_gmt":"2021-07-14T01:21:00","guid":{"rendered":"https:\/\/des-cat.infd.edu.ar\/sitio\/?p=2149"},"modified":"2025-06-25T16:24:18","modified_gmt":"2025-06-25T19:24:18","slug":"proyectos-de-investigacion-de-institutos-superiores-de-formacion-docente","status":"publish","type":"post","link":"https:\/\/des-cat.infd.edu.ar\/sitio\/proyectos-de-investigacion-de-institutos-superiores-de-formacion-docente\/","title":{"rendered":"Proyectos de Investigaci\u00f3n de Institutos Superiores de Formaci\u00f3n Docente"},"content":{"rendered":"<p style=\"font-weight: 400;\">El Ministerio de\u00a0Educaci\u00f3n\u00a0de la Provincia invita a participar de la convocatoria realizada por el Instituto Nacional de Formaci\u00f3n Docente (INFoD) que a trav\u00e9s de su \u00e1rea de investigaci\u00f3n impulsa el fomento de la funci\u00f3n de investigaci\u00f3n en el nivel Superior y en los Institutos Superiores de Formaci\u00f3n Docente (ISFD), y la producci\u00f3n de conocimiento\u00a0educativo\u00a0y pedag\u00f3gico en \u00e1reas de vacancia, como una estrategia para el fortalecimiento de las instituciones.<\/p>\n<p style=\"font-weight: 400;\">Con esos prop\u00f3sitos convoca a docentes y estudiantes de carreras de Formaci\u00f3n Docente de los Institutos de\u00a0Educaci\u00f3n\u00a0Superior (ISFD) de gesti\u00f3n estatal de todo el pa\u00eds a presentar proyectos de investigaci\u00f3n in\u00e9ditos. Los resultados de las investigaciones podr\u00e1n ser insumos para el dise\u00f1o de pol\u00edticas que posibiliten mejorar los procesos de ense\u00f1anza y de aprendizaje del nivel superior y de los niveles y modalidades de la\u00a0educaci\u00f3n\u00a0obligatoria, entre otros.<\/p>\n<p style=\"font-weight: 400;\"><strong>Objetivos<\/strong><\/p>\n<ul>\n<li style=\"font-weight: 400;\">Fomentar y fortalecer la producci\u00f3n de conocimientoeducativo\u00a0y cient\u00edfico en el nivel superior.<\/li>\n<li style=\"font-weight: 400;\">Promover el desarrollo de investigaciones que contribuyan a la identificaci\u00f3n de problemas y desaf\u00edos del sistema formador y del sistemaeducativo.<\/li>\n<li style=\"font-weight: 400;\">Fortalecer la conformaci\u00f3n de equipos de docentes y estudiantes de los ISFD para la construcci\u00f3n colectiva de conocimiento.<\/li>\n<li style=\"font-weight: 400;\">Desarrollar lazos entre las pr\u00e1cticas de investigaci\u00f3n y las pr\u00e1cticas educativas a partir de la difusi\u00f3n y discusi\u00f3n de los resultados de las investigaciones.<\/li>\n<\/ul>\n<p style=\"font-weight: 400;\">\n<p style=\"font-weight: 400;\"><strong>Bases y condiciones<\/strong><\/p>\n<p style=\"font-weight: 400;\">Para conocer el contenido de la convocatoria,\u00a0 descargar las Bases y Condiciones\u00a0 en\u00a0<a href=\"https:\/\/red.infd.edu.ar\/wp-content\/uploads\/2021\/07\/Bases-y-Condiciones-2021.pdf\" data-saferedirecturl=\"https:\/\/www.google.com\/url?q=https:\/\/red.infd.edu.ar\/wp-content\/uploads\/2021\/07\/Bases-y-Condiciones-2021.pdf&amp;source=gmail&amp;ust=1626298352573000&amp;usg=AFQjCNGnQnkJ1lrG7UO55m2sxZrCB5FLcA\">https:\/\/red.infd.edu.ar\/wp-content\/uploads\/2021\/07\/Bases-y-Condiciones-2021.pdf<\/a><\/p>\n<p style=\"font-weight: 400;\"><strong>Apertura y cierre de la convocatoria<\/strong><\/p>\n<p style=\"font-weight: 400;\">Del 2 al 20 de agosto 2021<\/p>\n<p style=\"font-weight: 400;\">\n<p style=\"font-weight: 400;\"><strong>Documentos para descargar y completar<\/strong><\/p>\n<p style=\"font-weight: 400;\">Formulario A \u201cDise\u00f1o del Proyecto de investigaci\u00f3n\u201d<\/p>\n<p style=\"font-weight: 400;\">Formulario B \u201cAntecedentes Acad\u00e9micos del director\/a del equipo\u201d<\/p>\n<p style=\"font-weight: 400;\">Carta de aval institucional<\/p>\n<p style=\"font-weight: 400;\">Los formularios se encuentran disponibles en\u00a0<a href=\"https:\/\/red.infd.edu.ar\/convocatoria-investigacion-2021\/\" data-saferedirecturl=\"https:\/\/www.google.com\/url?q=https:\/\/red.infd.edu.ar\/convocatoria-investigacion-2021\/&amp;source=gmail&amp;ust=1626298352573000&amp;usg=AFQjCNFWEBN1cOz7jmJ8paKILTqCoxjxjw\">https:\/\/red.infd.edu.ar\/convocatoria-investigacion-2021\/<\/a><\/p>\n<p style=\"font-weight: 400;\">\n<p style=\"font-weight: 400;\"><strong>\u00a0Informes y consultas<\/strong><\/p>\n<p style=\"font-weight: 400;\">\u00c1rea de Investigaci\u00f3n INFoD:\u00a0<a href=\"mailto:convocatoria.investigacion@infd.edu.ar\">convocatoria.investigacion@infd.edu.ar<\/a><\/p>\n<p style=\"font-weight: 400;\">Direcci\u00f3n Provincial de\u00a0Educaci\u00f3n\u00a0Superior de Catamarca C.A.P.E. Pabell\u00f3n 20 Planta Alta, Av. Rep\u00fablica de Venezuela s\/n &#8211; (4700) Catamarca Tel: 03833-459000 (Int. 2001).\u00a0<a href=\"mailto:educacionsuperior@catamarca.edu.ar\">educacionsuperior@catamarca.edu.ar<\/a>\u00a0&#8211;\u00a0<a href=\"mailto:mdargerich@catamarca.edu.ar\">mdargerich@catamarca.edu.ar<\/a><\/p>\n","protected":false},"excerpt":{"rendered":"<p>El Ministerio de\u00a0Educaci\u00f3n\u00a0de la Provincia invita a participar de la convocatoria realizada por el Instituto Nacional de Formaci\u00f3n Docente (INFoD) que a trav\u00e9s de su \u00e1rea de investigaci\u00f3n impulsa el fomento de la funci\u00f3n de investigaci\u00f3n en el nivel Superior y en los Institutos Superiores de Formaci\u00f3n Docente (ISFD), y la producci\u00f3n de conocimiento\u00a0educativo\u00a0y pedag\u00f3gico &#8230; <a title=\"Proyectos de Investigaci\u00f3n de Institutos Superiores de Formaci\u00f3n Docente\" class=\"read-more\" href=\"https:\/\/des-cat.infd.edu.ar\/sitio\/proyectos-de-investigacion-de-institutos-superiores-de-formacion-docente\/\" aria-label=\"More on Proyectos de Investigaci\u00f3n de Institutos Superiores de Formaci\u00f3n Docente\">[+]<\/a><\/p>\n","protected":false},"author":25057,"featured_media":0,"comment_status":"open","ping_status":"open","sticky":false,"template":"","format":"standard","meta":[],"categories":[53],"tags":[],"acf":[],"_links":{"self":[{"href":"https:\/\/des-cat.infd.edu.ar\/sitio\/wp-json\/wp\/v2\/posts\/2149"}],"collection":[{"href":"https:\/\/des-cat.infd.edu.ar\/sitio\/wp-json\/wp\/v2\/posts"}],"about":[{"href":"https:\/\/des-cat.infd.edu.ar\/sitio\/wp-json\/wp\/v2\/types\/post"}],"author":[{"embeddable":true,"href":"https:\/\/des-cat.infd.edu.ar\/sitio\/wp-json\/wp\/v2\/users\/25057"}],"replies":[{"embeddable":true,"href":"https:\/\/des-cat.infd.edu.ar\/sitio\/wp-json\/wp\/v2\/comments?post=2149"}],"version-history":[{"count":2,"href":"https:\/\/des-cat.infd.edu.ar\/sitio\/wp-json\/wp\/v2\/posts\/2149\/revisions"}],"predecessor-version":[{"id":2152,"href":"https:\/\/des-cat.infd.edu.ar\/sitio\/wp-json\/wp\/v2\/posts\/2149\/revisions\/2152"}],"wp:attachment":[{"href":"https:\/\/des-cat.infd.edu.ar\/sitio\/wp-json\/wp\/v2\/media?parent=2149"}],"wp:term":[{"taxonomy":"category","embeddable":true,"href":"https:\/\/des-cat.infd.edu.ar\/sitio\/wp-json\/wp\/v2\/categories?post=2149"},{"taxonomy":"post_tag","embeddable":true,"href":"https:\/\/des-cat.infd.edu.ar\/sitio\/wp-json\/wp\/v2\/tags?post=2149"}],"curies":[{"name":"wp","href":"https:\/\/api.w.org\/{rel}","templated":true}]}}