{"id":2072,"date":"2021-02-13T01:20:27","date_gmt":"2021-02-13T04:20:27","guid":{"rendered":"https:\/\/des-cat.infd.edu.ar\/sitio\/?p=2072"},"modified":"2025-06-25T16:24:51","modified_gmt":"2025-06-25T19:24:51","slug":"recorrida-por-el-ies-clara-j-armstrong","status":"publish","type":"post","link":"https:\/\/des-cat.infd.edu.ar\/sitio\/recorrida-por-el-ies-clara-j-armstrong\/","title":{"rendered":"Recorrida por el IES Clara J. Armstrong"},"content":{"rendered":"<div  class=\"lgc-column lgc-grid-parent lgc-grid-33 lgc-tablet-grid-33 lgc-mobile-grid-25 lgc-equal-heights \"><div  class=\"inside-grid-column\"><img decoding=\"async\" loading=\"lazy\" class=\"aligncenter\" src=\"https:\/\/scontent.ftuc1-1.fna.fbcdn.net\/v\/t1.0-9\/147651366_3858479410879405_8658731881736833558_o.jpg?_nc_cat=107&amp;ccb=3&amp;_nc_sid=730e14&amp;_nc_eui2=AeEzM3rCNnscW2tFgk_FTG7g2AWzPhL-kIPYBbM-Ev6Qg9sFfGgrnqf22qmNWuSaVdzP-2AmQ7JsSTnxasRXfosJ&amp;_nc_ohc=M4zU3oeQX3IAX9Img26&amp;_nc_ht=scontent.ftuc1-1.fna&amp;oh=f257792e432a971a4da123999641a0fb&amp;oe=604BEDF7\" alt=\"imagen1\" width=\"250\" height=\"333\" \/>\n<p><\/p><\/div><\/div>\n<div  class=\"lgc-column lgc-grid-parent lgc-grid-33 lgc-tablet-grid-33 lgc-mobile-grid-25 lgc-equal-heights \"><div  class=\"inside-grid-column\">\n<p><img decoding=\"async\" loading=\"lazy\" class=\"aligncenter\" src=\"https:\/\/scontent.ftuc1-1.fna.fbcdn.net\/v\/t1.0-9\/147840965_3858479394212740_6407591474475138566_o.jpg?_nc_cat=108&amp;ccb=3&amp;_nc_sid=730e14&amp;_nc_eui2=AeF1uWinnX3fsFMKUOQPBUVWUG9oBDItAClQb2gEMi0AKbJGKsEDR14K0NRIuqxt_vJvxxYERmC1iGSeSnNo8qA1&amp;_nc_ohc=OXS28m828_MAX8WrOD6&amp;_nc_ht=scontent.ftuc1-1.fna&amp;oh=b8c7538cf9d6e53cabd8b96921de41b6&amp;oe=604E53E1\" alt=\"imagen2\" width=\"250\" height=\"333\" \/><\/p>\n<p><\/p><\/div><\/div>\n<div  class=\"lgc-column lgc-grid-parent lgc-grid-33 lgc-tablet-grid-33 lgc-mobile-grid-25 lgc-equal-heights \"><div  class=\"inside-grid-column\"><img decoding=\"async\" loading=\"lazy\" class=\"aligncenter\" src=\"https:\/\/scontent.ftuc1-2.fna.fbcdn.net\/v\/t1.0-9\/148839484_3858479414212738_6181301302282737879_o.jpg?_nc_cat=105&amp;ccb=3&amp;_nc_sid=730e14&amp;_nc_eui2=AeEoz1j8oNRGQfcbhyJqu2ZvIJxM6nTiVs4gnEzqdOJWzo-0YhryCDWZLpEtm5LzaWGOYUfIRPcPiLAtSKss2JRA&amp;_nc_ohc=bmaqOEXaN0gAX-uhJRV&amp;_nc_oc=AQn0B7x5gGNQs08i9_kv4k8s_eJ-Qp5grE9H2v1VO8WCcTYr74B1STdIYpD7-xxQdFE&amp;_nc_ht=scontent.ftuc1-2.fna&amp;oh=31d789a84eedd0e14cdf3f61367c1f4c&amp;oe=604D06AF\" alt=\"imagen3\" width=\"250\" height=\"333\" \/><\/div><\/div>\n<div dir=\"auto\">Daniel Arag\u00f3n Malak titular de la Direcci\u00f3n de Educaci\u00f3n Superior, que depende del Ministerio de Educaci\u00f3n de la provincia, visit\u00f3 la sede del Instituto de Educaci\u00f3n Superior \u201cClara J. Armstrong\u201d, en su edificio anexo en zona sur.<\/div>\n<div dir=\"auto\">En la oportunidad fue recibido por la rectora Rita Gaetan y su equipo de trabajo, junto a quienes recorrieron las instalaciones internas y externas de la instituci\u00f3n. Destacando que es la primera vez que un funcionario se hace presente en el IES para interiorizarse de sus necesidades.<\/div>\n<div dir=\"auto\">Al mismo tiempo, Malak y Gaetan acordaron acciones en vista de la proximidad del retorno a clases y dialogaron sobre los dispositivos pedag\u00f3gicos.<\/div>\n","protected":false},"excerpt":{"rendered":"<p>Daniel Arag\u00f3n Malak titular de la Direcci\u00f3n de Educaci\u00f3n Superior, que depende del Ministerio de Educaci\u00f3n de la provincia, visit\u00f3 la sede del Instituto de Educaci\u00f3n Superior \u201cClara J. Armstrong\u201d, en su edificio anexo en zona sur. En la oportunidad fue recibido por la rectora Rita Gaetan y su equipo de trabajo, junto a quienes &#8230; <a title=\"Recorrida por el IES Clara J. Armstrong\" class=\"read-more\" href=\"https:\/\/des-cat.infd.edu.ar\/sitio\/recorrida-por-el-ies-clara-j-armstrong\/\" aria-label=\"More on Recorrida por el IES Clara J. Armstrong\">[+]<\/a><\/p>\n","protected":false},"author":45,"featured_media":0,"comment_status":"open","ping_status":"open","sticky":false,"template":"","format":"standard","meta":[],"categories":[53],"tags":[],"acf":[],"_links":{"self":[{"href":"https:\/\/des-cat.infd.edu.ar\/sitio\/wp-json\/wp\/v2\/posts\/2072"}],"collection":[{"href":"https:\/\/des-cat.infd.edu.ar\/sitio\/wp-json\/wp\/v2\/posts"}],"about":[{"href":"https:\/\/des-cat.infd.edu.ar\/sitio\/wp-json\/wp\/v2\/types\/post"}],"author":[{"embeddable":true,"href":"https:\/\/des-cat.infd.edu.ar\/sitio\/wp-json\/wp\/v2\/users\/45"}],"replies":[{"embeddable":true,"href":"https:\/\/des-cat.infd.edu.ar\/sitio\/wp-json\/wp\/v2\/comments?post=2072"}],"version-history":[{"count":58,"href":"https:\/\/des-cat.infd.edu.ar\/sitio\/wp-json\/wp\/v2\/posts\/2072\/revisions"}],"predecessor-version":[{"id":2130,"href":"https:\/\/des-cat.infd.edu.ar\/sitio\/wp-json\/wp\/v2\/posts\/2072\/revisions\/2130"}],"wp:attachment":[{"href":"https:\/\/des-cat.infd.edu.ar\/sitio\/wp-json\/wp\/v2\/media?parent=2072"}],"wp:term":[{"taxonomy":"category","embeddable":true,"href":"https:\/\/des-cat.infd.edu.ar\/sitio\/wp-json\/wp\/v2\/categories?post=2072"},{"taxonomy":"post_tag","embeddable":true,"href":"https:\/\/des-cat.infd.edu.ar\/sitio\/wp-json\/wp\/v2\/tags?post=2072"}],"curies":[{"name":"wp","href":"https:\/\/api.w.org\/{rel}","templated":true}]}}