{"id":2062,"date":"2021-01-21T12:02:56","date_gmt":"2021-01-21T15:02:56","guid":{"rendered":"https:\/\/des-cat.infd.edu.ar\/sitio\/?p=2062"},"modified":"2025-06-25T16:23:27","modified_gmt":"2025-06-25T19:23:27","slug":"reunion-entre-niveles","status":"publish","type":"post","link":"https:\/\/des-cat.infd.edu.ar\/sitio\/reunion-entre-niveles\/","title":{"rendered":"REUNI\u00d3N ENTRE NIVELES"},"content":{"rendered":"<p><img decoding=\"async\" class=\"aligncenter\" src=\"https:\/\/scontent.ftuc1-2.fna.fbcdn.net\/v\/t1.0-9\/139564024_203188181527955_1289620989855705086_n.jpg?_nc_cat=103&amp;ccb=2&amp;_nc_sid=8bfeb9&amp;_nc_eui2=AeEs_C3Z7RW9VU_E50eyu5vqwdz0akN692XB3PRqQ3r3ZVIyoW7lDibbHUci9dtFZZlET27HphfTSyrtG7c7TyDm&amp;_nc_ohc=1R5oF3LMWicAX-sfeX2&amp;_nc_ht=scontent.ftuc1-2.fna&amp;oh=97b30e05588e00363ddbfd9078d967de&amp;oe=602E88DF\" alt=\"Reunion entre niveles\" \/><\/p>\n<blockquote><p><strong>REUNI\u00d3N ENTRE NIVELES<\/strong><br \/>\nDe cara al ciclo 2021, se reunieron en el mes de diciembre el titular de la Direcci\u00f3n de Educaci\u00f3n Superior Lic. Daniel Arag\u00f3n Malak, quien en la oportunidad manifest\u00f3 su inter\u00e9s por desarrollar acciones entre niveles. En la oportunidad asistieron la Directora de Mediaci\u00f3n Escolar Prof. Stella Alegro y la Directora de Modalidades Educativas Prof. Adriana Carrizo. Se acordaron propuestas y l\u00edneas de acci\u00f3n que involucren a los actores institucionales a los fines de contribuir a la formaci\u00f3n de los estudiantes.<\/p><\/blockquote>\n","protected":false},"excerpt":{"rendered":"<p>REUNI\u00d3N ENTRE NIVELES De cara al ciclo 2021, se reunieron en el mes de diciembre el titular de la Direcci\u00f3n de Educaci\u00f3n Superior Lic. Daniel Arag\u00f3n Malak, quien en la oportunidad manifest\u00f3 su inter\u00e9s por desarrollar acciones entre niveles. En la oportunidad asistieron la Directora de Mediaci\u00f3n Escolar Prof. Stella Alegro y la Directora de &#8230; <a title=\"REUNI\u00d3N ENTRE NIVELES\" class=\"read-more\" href=\"https:\/\/des-cat.infd.edu.ar\/sitio\/reunion-entre-niveles\/\" aria-label=\"More on REUNI\u00d3N ENTRE NIVELES\">[+]<\/a><\/p>\n","protected":false},"author":45,"featured_media":0,"comment_status":"open","ping_status":"open","sticky":false,"template":"","format":"standard","meta":[],"categories":[53],"tags":[],"acf":[],"_links":{"self":[{"href":"https:\/\/des-cat.infd.edu.ar\/sitio\/wp-json\/wp\/v2\/posts\/2062"}],"collection":[{"href":"https:\/\/des-cat.infd.edu.ar\/sitio\/wp-json\/wp\/v2\/posts"}],"about":[{"href":"https:\/\/des-cat.infd.edu.ar\/sitio\/wp-json\/wp\/v2\/types\/post"}],"author":[{"embeddable":true,"href":"https:\/\/des-cat.infd.edu.ar\/sitio\/wp-json\/wp\/v2\/users\/45"}],"replies":[{"embeddable":true,"href":"https:\/\/des-cat.infd.edu.ar\/sitio\/wp-json\/wp\/v2\/comments?post=2062"}],"version-history":[{"count":5,"href":"https:\/\/des-cat.infd.edu.ar\/sitio\/wp-json\/wp\/v2\/posts\/2062\/revisions"}],"predecessor-version":[{"id":2693,"href":"https:\/\/des-cat.infd.edu.ar\/sitio\/wp-json\/wp\/v2\/posts\/2062\/revisions\/2693"}],"wp:attachment":[{"href":"https:\/\/des-cat.infd.edu.ar\/sitio\/wp-json\/wp\/v2\/media?parent=2062"}],"wp:term":[{"taxonomy":"category","embeddable":true,"href":"https:\/\/des-cat.infd.edu.ar\/sitio\/wp-json\/wp\/v2\/categories?post=2062"},{"taxonomy":"post_tag","embeddable":true,"href":"https:\/\/des-cat.infd.edu.ar\/sitio\/wp-json\/wp\/v2\/tags?post=2062"}],"curies":[{"name":"wp","href":"https:\/\/api.w.org\/{rel}","templated":true}]}}