{"id":2027,"date":"2020-10-05T16:05:04","date_gmt":"2020-10-05T19:05:04","guid":{"rendered":"https:\/\/des-cat.infd.edu.ar\/sitio\/?p=2027"},"modified":"2025-06-25T16:23:14","modified_gmt":"2025-06-25T19:23:14","slug":"jornadasinstitucionalesdedanzas","status":"publish","type":"post","link":"https:\/\/des-cat.infd.edu.ar\/sitio\/jornadasinstitucionalesdedanzas\/","title":{"rendered":"JORNADAS INTERINSTITUCIONALES DE DOCENCIA EN DANZAS"},"content":{"rendered":"<p><img decoding=\"async\" loading=\"lazy\" class=\"wp-image-2031 alignleft\" src=\"https:\/\/des-cat.infd.edu.ar\/sitio\/wp-content\/uploads\/2020\/10\/ISAC-La-RIOJA-1000x985.jpg\" alt=\"\" width=\"158\" height=\"156\" srcset=\"https:\/\/des-cat.infd.edu.ar\/sitio\/wp-content\/uploads\/2020\/10\/ISAC-La-RIOJA-1000x985.jpg 1000w, https:\/\/des-cat.infd.edu.ar\/sitio\/wp-content\/uploads\/2020\/10\/ISAC-La-RIOJA-768x757.jpg 768w, https:\/\/des-cat.infd.edu.ar\/sitio\/wp-content\/uploads\/2020\/10\/ISAC-La-RIOJA-1900x1872.jpg 1900w\" sizes=\"(max-width: 158px) 100vw, 158px\" \/><img decoding=\"async\" loading=\"lazy\" class=\"alignnone wp-image-2030 alignleft\" src=\"https:\/\/des-cat.infd.edu.ar\/sitio\/wp-content\/uploads\/2020\/10\/ISAC-Catamarca-707x1000.jpeg\" alt=\"\" width=\"112\" height=\"158\" srcset=\"https:\/\/des-cat.infd.edu.ar\/sitio\/wp-content\/uploads\/2020\/10\/ISAC-Catamarca-707x1000.jpeg 707w, https:\/\/des-cat.infd.edu.ar\/sitio\/wp-content\/uploads\/2020\/10\/ISAC-Catamarca-768x1086.jpeg 768w, https:\/\/des-cat.infd.edu.ar\/sitio\/wp-content\/uploads\/2020\/10\/ISAC-Catamarca.jpeg 1112w\" sizes=\"(max-width: 112px) 100vw, 112px\" \/><\/p>\n<p><img decoding=\"async\" loading=\"lazy\" class=\"alignnone wp-image-2029\" src=\"https:\/\/des-cat.infd.edu.ar\/sitio\/wp-content\/uploads\/2020\/10\/WhatsApp-Image-2020-10-05-at-14.05.30.jpeg\" alt=\"\" width=\"151\" height=\"151\" srcset=\"https:\/\/des-cat.infd.edu.ar\/sitio\/wp-content\/uploads\/2020\/10\/WhatsApp-Image-2020-10-05-at-14.05.30.jpeg 960w, https:\/\/des-cat.infd.edu.ar\/sitio\/wp-content\/uploads\/2020\/10\/WhatsApp-Image-2020-10-05-at-14.05.30-500x500.jpeg 500w, https:\/\/des-cat.infd.edu.ar\/sitio\/wp-content\/uploads\/2020\/10\/WhatsApp-Image-2020-10-05-at-14.05.30-768x768.jpeg 768w\" sizes=\"(max-width: 151px) 100vw, 151px\" \/><img decoding=\"async\" loading=\"lazy\" class=\"alignnone wp-image-2028\" src=\"https:\/\/des-cat.infd.edu.ar\/sitio\/wp-content\/uploads\/2020\/10\/WhatsApp-Image-2020-10-05-at-10.40.43-948x1000.jpeg\" alt=\"\" width=\"151\" height=\"159\" srcset=\"https:\/\/des-cat.infd.edu.ar\/sitio\/wp-content\/uploads\/2020\/10\/WhatsApp-Image-2020-10-05-at-10.40.43-948x1000.jpeg 948w, https:\/\/des-cat.infd.edu.ar\/sitio\/wp-content\/uploads\/2020\/10\/WhatsApp-Image-2020-10-05-at-10.40.43-768x810.jpeg 768w, https:\/\/des-cat.infd.edu.ar\/sitio\/wp-content\/uploads\/2020\/10\/WhatsApp-Image-2020-10-05-at-10.40.43.jpeg 1214w\" sizes=\"(max-width: 151px) 100vw, 151px\" \/><\/p>\n<p>La Direcci\u00f3n Provincial de Educaci\u00f3n Superior acompa\u00f1a la propuesta de <em>JORNADAS INTERINSTITUCIONALES DE DOCENCIA EN DANZAS<\/em>\u00a0organizada\u00a0 por el ISAC de La Rioja, en el que participar\u00e1 el ISAC de Catamarca junto a IES de Rosario y Bah\u00eda Blanca.<\/p>\n<p>Del 13 al 16 de Octubre ser realizar\u00e1n las <em>JORNADAS INTERINSTITUCIONALES DE DOCENCIA EN DANZAS: Historias de ense\u00f1anza, aprendizaje y creaci\u00f3n en primeras personas.<\/em><\/p>\n<p>En su primera edici\u00f3n virtual, este evento se concibe como un espacio para el encuentro, la participaci\u00f3n, el debate y la construcci\u00f3n intersubjetiva. Tienen como objetivo abonar el proyecto educativo de diferentes instituciones de ense\u00f1anza superior, circunscribi\u00e9ndose puntualmente en la tarea docente en danzas. El punto de partida es \u201cconocerse\u201d, considerando las m\u00faltiples y amplias dimensiones de la palabra. Esto implica reflexionar sobre la docencia en danzas y sus problem\u00e1tica espec\u00edficas y generar acciones concretas que atraviesen la pr\u00e1ctica docente, el entrenamiento t\u00e9cnico, los abordajes metodol\u00f3gicos y las creaciones esc\u00e9nicas\/audiovisuales, los paradigmas hegem\u00f3nicos, los modelos neocolonialistas y las pol\u00edticas culturales.<\/p>\n<p>Las Jornadas se desarrollar\u00e1n por Zoom, Google Meet, Facebook, Youtube, Instagram e incluyen tres tipos de acciones: talleres virtuales sincr\u00f3nicos, presentaciones esc\u00e9nicas en formato audiovisual o videodanza y conversatorios, charlas y puestas en com\u00fan entre representantes de cada instituci\u00f3n. Las preinscripciones se habilitar\u00e1n a partir del d\u00eda 7\/10.<\/p>\n<p>Las instituciones participantes son: Instituto Superior de Arte y Comunicaci\u00f3n (Catamarca), Instituto Superior Provincial de Danza N\u00b0 5929 Isabel Taboga (Rosario) y la Escuela de Danzas Alba Lutecia (Bah\u00eda Blanca). Organiza el ISAC Prof. Alberto Mario Crulcich de La Rioja.<\/p>\n<p>Informaci\u00f3n e inscripci\u00f3n: <a href=\"https:\/\/www.facebook.com\/isacdanzaslr\/media_set?set=a.125896499264280&amp;type=3\">Facebook<\/a><\/p>\n<p>&nbsp;<\/p>\n","protected":false},"excerpt":{"rendered":"<p>La Direcci\u00f3n Provincial de Educaci\u00f3n Superior acompa\u00f1a la propuesta de JORNADAS INTERINSTITUCIONALES DE DOCENCIA EN DANZAS\u00a0organizada\u00a0 por el ISAC de La Rioja, en el que participar\u00e1 el ISAC de Catamarca junto a IES de Rosario y Bah\u00eda Blanca. Del 13 al 16 de Octubre ser realizar\u00e1n las JORNADAS INTERINSTITUCIONALES DE DOCENCIA EN DANZAS: Historias de &#8230; <a title=\"JORNADAS INTERINSTITUCIONALES DE DOCENCIA EN DANZAS\" class=\"read-more\" href=\"https:\/\/des-cat.infd.edu.ar\/sitio\/jornadasinstitucionalesdedanzas\/\" aria-label=\"More on JORNADAS INTERINSTITUCIONALES DE DOCENCIA EN DANZAS\">[+]<\/a><\/p>\n","protected":false},"author":24779,"featured_media":0,"comment_status":"open","ping_status":"open","sticky":false,"template":"","format":"standard","meta":[],"categories":[53],"tags":[],"acf":[],"_links":{"self":[{"href":"https:\/\/des-cat.infd.edu.ar\/sitio\/wp-json\/wp\/v2\/posts\/2027"}],"collection":[{"href":"https:\/\/des-cat.infd.edu.ar\/sitio\/wp-json\/wp\/v2\/posts"}],"about":[{"href":"https:\/\/des-cat.infd.edu.ar\/sitio\/wp-json\/wp\/v2\/types\/post"}],"author":[{"embeddable":true,"href":"https:\/\/des-cat.infd.edu.ar\/sitio\/wp-json\/wp\/v2\/users\/24779"}],"replies":[{"embeddable":true,"href":"https:\/\/des-cat.infd.edu.ar\/sitio\/wp-json\/wp\/v2\/comments?post=2027"}],"version-history":[{"count":7,"href":"https:\/\/des-cat.infd.edu.ar\/sitio\/wp-json\/wp\/v2\/posts\/2027\/revisions"}],"predecessor-version":[{"id":2045,"href":"https:\/\/des-cat.infd.edu.ar\/sitio\/wp-json\/wp\/v2\/posts\/2027\/revisions\/2045"}],"wp:attachment":[{"href":"https:\/\/des-cat.infd.edu.ar\/sitio\/wp-json\/wp\/v2\/media?parent=2027"}],"wp:term":[{"taxonomy":"category","embeddable":true,"href":"https:\/\/des-cat.infd.edu.ar\/sitio\/wp-json\/wp\/v2\/categories?post=2027"},{"taxonomy":"post_tag","embeddable":true,"href":"https:\/\/des-cat.infd.edu.ar\/sitio\/wp-json\/wp\/v2\/tags?post=2027"}],"curies":[{"name":"wp","href":"https:\/\/api.w.org\/{rel}","templated":true}]}}