{"id":2016,"date":"2020-10-05T15:12:46","date_gmt":"2020-10-05T18:12:46","guid":{"rendered":"https:\/\/des-cat.infd.edu.ar\/sitio\/?p=2016"},"modified":"2025-06-25T16:22:53","modified_gmt":"2025-06-25T19:22:53","slug":"capacitaciones-direccion-provincial-de-educacion-superior","status":"publish","type":"post","link":"https:\/\/des-cat.infd.edu.ar\/sitio\/capacitaciones-direccion-provincial-de-educacion-superior\/","title":{"rendered":"Capacitaciones Direcci\u00f3n Provincial de Educaci\u00f3n Superior"},"content":{"rendered":"<p><img decoding=\"async\" loading=\"lazy\" class=\"size-medium wp-image-2017 aligncenter\" src=\"https:\/\/des-cat.infd.edu.ar\/sitio\/wp-content\/uploads\/2020\/10\/Capacitaciones-direcci\u00f3n-de-educaci\u00f3n-superior-1000x562.jpg\" alt=\"\" width=\"1000\" height=\"562\" \/><\/p>\n<p><img decoding=\"async\" loading=\"lazy\" class=\" wp-image-2038 aligncenter\" src=\"https:\/\/des-cat.infd.edu.ar\/sitio\/wp-content\/uploads\/2020\/10\/WhatsApp-Image-2020-10-06-at-11.36.21-1000x1000.jpeg\" alt=\"\" width=\"564\" height=\"564\" srcset=\"https:\/\/des-cat.infd.edu.ar\/sitio\/wp-content\/uploads\/2020\/10\/WhatsApp-Image-2020-10-06-at-11.36.21-1000x1000.jpeg 1000w, https:\/\/des-cat.infd.edu.ar\/sitio\/wp-content\/uploads\/2020\/10\/WhatsApp-Image-2020-10-06-at-11.36.21-500x500.jpeg 500w, https:\/\/des-cat.infd.edu.ar\/sitio\/wp-content\/uploads\/2020\/10\/WhatsApp-Image-2020-10-06-at-11.36.21-768x768.jpeg 768w, https:\/\/des-cat.infd.edu.ar\/sitio\/wp-content\/uploads\/2020\/10\/WhatsApp-Image-2020-10-06-at-11.36.21.jpeg 1200w\" sizes=\"(max-width: 564px) 100vw, 564px\" \/><\/p>\n<p>La Direcci\u00f3n de Educaci\u00f3n Superior dependiente del Ministerio de Educaci\u00f3n lanza cursos de capacitaci\u00f3n. En el marco del fortalecimiento del programa PEAJ y en coordinaci\u00f3n con la Direcci\u00f3n de Programas educativos, la Direcci\u00f3n tiene el objetivo de fortalecer el \u00e1rea de Formador de Formadores y de Investigaci\u00f3n. Con ese objetivo, los cursos de capacitaci\u00f3n est\u00e1n adecuados a las modalidades y posibilidades de cursado que la situaci\u00f3n actual demanda. Por ello, las clases asincr\u00f3nicas tendr\u00e1n lugar en las Aulas Virtuales de la Direcci\u00f3n de Educaci\u00f3n Superior y las sincr\u00f3nicas por medio de Google Meet.<\/p>\n<p>A continuaci\u00f3n se detallan los cursos, totalmente gratuitos, que se ofrecen en las dos \u00e1reas antes mencionadas:<\/p>\n<h1><strong>CUPOS COMPLETOS<\/strong><\/h1>\n<p><strong>Formador de formadores (Destinado a docentes de todos los niveles) CUPOS LIMITADOS 100 PERSONAS:<\/strong><\/p>\n<ul>\n<li>\u201cLas tramas de la interculturalidad: alteridad, mestizaje y estereotipos sociales\u201d dictado por Lic. D\u00b4Amore Leandro (UNCA).<\/li>\n<li>1ra clase &#8211; 16 de octubre<br \/>\n2da clase &#8211; 26 de octubre<br \/>\n3ra clase &#8211; 9 de noviembre<br \/>\n4ta clase &#8211; 23 de noviembre<br \/>\n5ta clase &#8211; 30 de noviembre<\/li>\n<\/ul>\n<p><img decoding=\"async\" loading=\"lazy\" class=\"alignnone wp-image-2019\" src=\"https:\/\/des-cat.infd.edu.ar\/sitio\/wp-content\/uploads\/2020\/10\/image.png\" alt=\"\" width=\"157\" height=\"47\" \/><\/p>\n<ul>\n<li>\u201cTaller de Escritura Creativa\u201d, dictado por Lic. Alberto Moreno.<\/li>\n<li>1ra clase &#8211; 16 de octubre<br \/>\n2da clase &#8211; 26 de octubre<br \/>\n3ra clase &#8211; 9 de noviembre<br \/>\n4ta clase &#8211; 23 de noviembre<br \/>\n5ta clase &#8211; 30 de noviembre<\/li>\n<\/ul>\n<p><img decoding=\"async\" loading=\"lazy\" class=\"alignnone wp-image-2019\" src=\"https:\/\/des-cat.infd.edu.ar\/sitio\/wp-content\/uploads\/2020\/10\/image.png\" alt=\"\" width=\"157\" height=\"47\" \/><\/p>\n<p>&nbsp;<\/p>\n<h1><strong>\u00a0<\/strong><\/h1>\n<h1><strong>CUPOS COMPLETOS<\/strong><\/h1>\n<p><strong>Fortalecimiento de la investigaci\u00f3n (Destinado a docentes de nivel superior)\u00a0CUPOS LIMITADOS 100 PERSONAS :<\/strong><\/p>\n<ul>\n<li>\u201cDe la promesa al dise\u00f1o. Herramientas para la investigaci\u00f3n educativa en la formaci\u00f3n docente\u201d, dictado por Dra. Andrea Iglesias (CONICET-IICE\/UBA), Laura Colombo (CONICET-Instituto de Ling\u00fc\u00edstica-UBA), Mgr. Vanesa Romualdo (UBA), Dr. Pablo di Napoli (CONICET-IICE\/UBA) y Dra. Cynthia Bustelo (CONICET-IICE\/UBA). (Inicia el 13 de octubre)<\/li>\n<li>Resoluci\u00f3n Min.: en tr\u00e1mite.<br \/>\nFechas sujetas modificaci\u00f3n en relaci\u00f3n a la cantidad de participantes:<br \/>\n\u2022 M\u00d3DULO 1: Presentaci\u00f3n (13\/10 al 19\/10).<br \/>\n\u2022 M\u00d3DULO 2: De la promesa al dise\u00f1o. El resumen como promesa de planificaci\u00f3n (20\/10 al 02\/11).<br \/>\n\u2022 M\u00d3DULO 3: La revisi\u00f3n bibliogr\u00e1fica como un proceso circular (03\/11 al 16\/11)<br \/>\n\u2022 M\u00d3DULO 4: El qu\u00e9 y el c\u00f3mo de la investigaci\u00f3n (17\/11 al 30\/11)<br \/>\n\u2022 M\u00d3DULO 5: Lo prometido es deuda. Bosquejos del dise\u00f1o de investigaci\u00f3n (1\/12 al 14\/12)<br \/>\n\u2022 M\u00d3DULO 6: Cierre (15\/12)<br \/>\n\u2022 Se prev\u00e9n tres encuentros sincr\u00f3nicos a lo largo del curso los d\u00edas lunes, horario a definir.<\/li>\n<\/ul>\n<p><img decoding=\"async\" loading=\"lazy\" class=\"alignnone wp-image-2019\" src=\"https:\/\/des-cat.infd.edu.ar\/sitio\/wp-content\/uploads\/2020\/10\/image.png\" alt=\"\" width=\"154\" height=\"46\" \/><\/p>\n","protected":false},"excerpt":{"rendered":"<p>La Direcci\u00f3n de Educaci\u00f3n Superior dependiente del Ministerio de Educaci\u00f3n lanza cursos de capacitaci\u00f3n. En el marco del fortalecimiento del programa PEAJ y en coordinaci\u00f3n con la Direcci\u00f3n de Programas educativos, la Direcci\u00f3n tiene el objetivo de fortalecer el \u00e1rea de Formador de Formadores y de Investigaci\u00f3n. Con ese objetivo, los cursos de capacitaci\u00f3n est\u00e1n &#8230; <a title=\"Capacitaciones Direcci\u00f3n Provincial de Educaci\u00f3n Superior\" class=\"read-more\" href=\"https:\/\/des-cat.infd.edu.ar\/sitio\/capacitaciones-direccion-provincial-de-educacion-superior\/\" aria-label=\"More on Capacitaciones Direcci\u00f3n Provincial de Educaci\u00f3n Superior\">[+]<\/a><\/p>\n","protected":false},"author":24779,"featured_media":0,"comment_status":"open","ping_status":"open","sticky":false,"template":"","format":"standard","meta":[],"categories":[53],"tags":[],"acf":[],"_links":{"self":[{"href":"https:\/\/des-cat.infd.edu.ar\/sitio\/wp-json\/wp\/v2\/posts\/2016"}],"collection":[{"href":"https:\/\/des-cat.infd.edu.ar\/sitio\/wp-json\/wp\/v2\/posts"}],"about":[{"href":"https:\/\/des-cat.infd.edu.ar\/sitio\/wp-json\/wp\/v2\/types\/post"}],"author":[{"embeddable":true,"href":"https:\/\/des-cat.infd.edu.ar\/sitio\/wp-json\/wp\/v2\/users\/24779"}],"replies":[{"embeddable":true,"href":"https:\/\/des-cat.infd.edu.ar\/sitio\/wp-json\/wp\/v2\/comments?post=2016"}],"version-history":[{"count":11,"href":"https:\/\/des-cat.infd.edu.ar\/sitio\/wp-json\/wp\/v2\/posts\/2016\/revisions"}],"predecessor-version":[{"id":2054,"href":"https:\/\/des-cat.infd.edu.ar\/sitio\/wp-json\/wp\/v2\/posts\/2016\/revisions\/2054"}],"wp:attachment":[{"href":"https:\/\/des-cat.infd.edu.ar\/sitio\/wp-json\/wp\/v2\/media?parent=2016"}],"wp:term":[{"taxonomy":"category","embeddable":true,"href":"https:\/\/des-cat.infd.edu.ar\/sitio\/wp-json\/wp\/v2\/categories?post=2016"},{"taxonomy":"post_tag","embeddable":true,"href":"https:\/\/des-cat.infd.edu.ar\/sitio\/wp-json\/wp\/v2\/tags?post=2016"}],"curies":[{"name":"wp","href":"https:\/\/api.w.org\/{rel}","templated":true}]}}