{"id":1997,"date":"2020-09-25T13:27:50","date_gmt":"2020-09-25T16:27:50","guid":{"rendered":"https:\/\/des-cat.infd.edu.ar\/sitio\/?p=1997"},"modified":"2025-06-25T16:22:43","modified_gmt":"2025-06-25T19:22:43","slug":"curso-virtual-diseno-evaluacion-y-monitoreo-de-politicas-publicas","status":"publish","type":"post","link":"https:\/\/des-cat.infd.edu.ar\/sitio\/curso-virtual-diseno-evaluacion-y-monitoreo-de-politicas-publicas\/","title":{"rendered":"CURSO VIRTUAL \u201cDISE\u00d1O, EVALUACI\u00d3N Y MONITOREO DE POL\u00cdTICAS P\u00daBLICAS"},"content":{"rendered":"<div class=\"kvgmc6g5 cxmmr5t8 oygrvhab hcukyx3x c1et5uql ii04i59q\">\n<div dir=\"auto\"><span class=\"pq6dq46d tbxw36s4 knj5qynh kvgmc6g5 ditlmg2l oygrvhab nvdbi5me sf5mxxl7 gl3lb2sf hhz5lgdu\"><img decoding=\"async\" loading=\"lazy\" src=\"https:\/\/static.xx.fbcdn.net\/images\/emoji.php\/v9\/tac\/1\/16\/1f4cc.png\" alt=\"&#x1f4cc;\" width=\"16\" height=\"16\" \/><\/span><span class=\"pq6dq46d tbxw36s4 knj5qynh kvgmc6g5 ditlmg2l oygrvhab nvdbi5me sf5mxxl7 gl3lb2sf hhz5lgdu\"><img decoding=\"async\" loading=\"lazy\" src=\"https:\/\/static.xx.fbcdn.net\/images\/emoji.php\/v9\/t7e\/1\/16\/1f4c5.png\" alt=\"&#x1f4c5;\" width=\"16\" height=\"16\" \/><\/span>HOY Jueves 24\/09 \u00fanico d\u00eda de inscripci\u00f3n hasta cubrir los cupos disponibles que nos fueron otorgados.<\/div>\n<\/div>\n<div class=\"o9v6fnle cxmmr5t8 oygrvhab hcukyx3x c1et5uql ii04i59q\">\n<div dir=\"auto\"><span class=\"pq6dq46d tbxw36s4 knj5qynh kvgmc6g5 ditlmg2l oygrvhab nvdbi5me sf5mxxl7 gl3lb2sf hhz5lgdu\"><img decoding=\"async\" loading=\"lazy\" src=\"https:\/\/static.xx.fbcdn.net\/images\/emoji.php\/v9\/tac\/1\/16\/1f4cc.png\" alt=\"&#x1f4cc;\" width=\"16\" height=\"16\" \/><\/span>Estimados desde el Centro de Innovaci\u00f3n y Capacitaci\u00f3n \u2013CIC- conjuntamente con la Secretar\u00eda de Capital Humano y Organizaci\u00f3n del Ministerio de Gobierno, Justicia y Derechos Humanos los invitamos a participar del CURSO VIRTUAL \u201cDISE\u00d1O, EVALUACI\u00d3N Y MONITOREO DE POL\u00cdTICAS P\u00daBLICAS \u2013C\u00f3digo 0012- de la Universidad Nacional de Lomas de Zamora (UNLZ) que inicia el 28-9.<\/div>\n<\/div>\n<div class=\"o9v6fnle cxmmr5t8 oygrvhab hcukyx3x c1et5uql ii04i59q\">\n<div dir=\"auto\"><span class=\"pq6dq46d tbxw36s4 knj5qynh kvgmc6g5 ditlmg2l oygrvhab nvdbi5me sf5mxxl7 gl3lb2sf hhz5lgdu\"><img decoding=\"async\" loading=\"lazy\" src=\"https:\/\/static.xx.fbcdn.net\/images\/emoji.php\/v9\/tac\/1\/16\/1f4cc.png\" alt=\"&#x1f4cc;\" width=\"16\" height=\"16\" \/><\/span>Destinado a funcionarios y mandos medios de la Provincia de Catamarca. Tiene una duraci\u00f3n de dos (2) meses a trav\u00e9s de la Plataforma Virtual de la UNLZ. Incluye un total de dos (2) videoconferencias.<\/div>\n<\/div>\n<div class=\"o9v6fnle cxmmr5t8 oygrvhab hcukyx3x c1et5uql ii04i59q\">\n<div dir=\"auto\"><span class=\"pq6dq46d tbxw36s4 knj5qynh kvgmc6g5 ditlmg2l oygrvhab nvdbi5me sf5mxxl7 gl3lb2sf hhz5lgdu\"><img decoding=\"async\" loading=\"lazy\" src=\"https:\/\/static.xx.fbcdn.net\/images\/emoji.php\/v9\/tac\/1\/16\/1f4cc.png\" alt=\"&#x1f4cc;\" width=\"16\" height=\"16\" \/><\/span> Totalmente Gratuitos.<\/div>\n<\/div>\n<div class=\"o9v6fnle cxmmr5t8 oygrvhab hcukyx3x c1et5uql ii04i59q\">\n<div dir=\"auto\"><span class=\"pq6dq46d tbxw36s4 knj5qynh kvgmc6g5 ditlmg2l oygrvhab nvdbi5me sf5mxxl7 gl3lb2sf hhz5lgdu\"><img decoding=\"async\" loading=\"lazy\" src=\"https:\/\/static.xx.fbcdn.net\/images\/emoji.php\/v9\/tac\/1\/16\/1f4cc.png\" alt=\"&#x1f4cc;\" width=\"16\" height=\"16\" \/><\/span>Pueden inscribirse en el siguiente link <a class=\"oajrlxb2 g5ia77u1 qu0x051f esr5mh6w e9989ue4 r7d6kgcz rq0escxv nhd2j8a9 nc684nl6 p7hjln8o kvgmc6g5 cxmmr5t8 oygrvhab hcukyx3x jb3vyjys rz4wbd8a qt6c0cv9 a8nywdso i1ao9s8h esuyzwwr f1sip0of lzcic4wl py34i1dx gpro0wi8\" tabindex=\"0\" role=\"link\" href=\"https:\/\/l.facebook.com\/l.php?u=https%3A%2F%2Fime.unlz.edu.ar%2F%3Ffbclid%3DIwAR1ALKZLJ4FmxzQVhlcNJzjZa2ggs4LkCgyNEsAg955wuYngdmeBwJDcdPE&amp;h=AT0FYLf1EtXiGX3t6Z4rpUgmJUSgFU3CmI-xOorF5JQ_tZbyeCzEuGyrY2ArNbd5I38IRxh_e6wyQbyz54Ejc28v_YefH6QBdz5GumwjATaXDsMUE2XRxKzAc-M1Y6CzoPa4ilVy21LNvQik1w&amp;__tn__=-UK-R&amp;c[0]=AT2Fe2Vv9jq0jkd1JyZHi7bxN7b_Bq0EJKZyVzGB0c0JT8_hm5rj6fBLM4k6cxDxJw8izNH2akT6niP9jLaG6im1F-I2KSSef1xrJkHYcQnmvWKPlfpYzCD0eABu-VdPRj3uEwy9z6032IQRetQ0bJOc6-ioARxdwDNMPpS_BbpOSOW43HwZZrZxoqH7RS0\" target=\"_blank\" rel=\"nofollow noopener\">https:\/\/ime.unlz.edu.ar\/<\/a><\/div>\n<div dir=\"auto\"><span class=\"pq6dq46d tbxw36s4 knj5qynh kvgmc6g5 ditlmg2l oygrvhab nvdbi5me sf5mxxl7 gl3lb2sf hhz5lgdu\"><img decoding=\"async\" loading=\"lazy\" src=\"https:\/\/static.xx.fbcdn.net\/images\/emoji.php\/v9\/tac\/1\/16\/1f4cc.png\" alt=\"&#x1f4cc;\" width=\"16\" height=\"16\" \/><\/span>En el Formulario, y elegir la opci\u00f3n C\u00f3digo 0012- Dise\u00f1o, Evaluaci\u00f3n y Monitoreo de Pol\u00edticas P\u00fablicas.<span class=\"pq6dq46d tbxw36s4 knj5qynh kvgmc6g5 ditlmg2l oygrvhab nvdbi5me sf5mxxl7 gl3lb2sf hhz5lgdu\"><img decoding=\"async\" loading=\"lazy\" src=\"https:\/\/static.xx.fbcdn.net\/images\/emoji.php\/v9\/t19\/1\/16\/1f468_200d_1f4bb.png\" alt=\"&#x1f468;&#x200d;&#x1f4bb;\" width=\"16\" height=\"16\" \/><\/span><span class=\"pq6dq46d tbxw36s4 knj5qynh kvgmc6g5 ditlmg2l oygrvhab nvdbi5me sf5mxxl7 gl3lb2sf hhz5lgdu\"><img decoding=\"async\" loading=\"lazy\" src=\"https:\/\/static.xx.fbcdn.net\/images\/emoji.php\/v9\/tf8\/1\/16\/1f469_200d_1f4bb.png\" alt=\"&#x1f469;&#x200d;&#x1f4bb;\" width=\"16\" height=\"16\" \/><\/span><\/div>\n<\/div>\n<div class=\"o9v6fnle cxmmr5t8 oygrvhab hcukyx3x c1et5uql ii04i59q\">\n<div dir=\"auto\"><span class=\"pq6dq46d tbxw36s4 knj5qynh kvgmc6g5 ditlmg2l oygrvhab nvdbi5me sf5mxxl7 gl3lb2sf hhz5lgdu\"><img decoding=\"async\" loading=\"lazy\" src=\"https:\/\/static.xx.fbcdn.net\/images\/emoji.php\/v9\/tac\/1\/16\/1f4cc.png\" alt=\"&#x1f4cc;\" width=\"16\" height=\"16\" \/><\/span>Para inscribirse debe completar todo el formulario, los campos son obligatorios. Revise los datos antes de confirmar ya que no podr\u00e1 editarlos luego. Recibir\u00e1 la confirmaci\u00f3n de inscripci\u00f3n de manera autom\u00e1tica en su mail.<\/div>\n<\/div>\n<div class=\"o9v6fnle cxmmr5t8 oygrvhab hcukyx3x c1et5uql ii04i59q\">\n<div dir=\"auto\"><span class=\"pq6dq46d tbxw36s4 knj5qynh kvgmc6g5 ditlmg2l oygrvhab nvdbi5me sf5mxxl7 gl3lb2sf hhz5lgdu\"><img decoding=\"async\" loading=\"lazy\" src=\"https:\/\/static.xx.fbcdn.net\/images\/emoji.php\/v9\/tac\/1\/16\/1f4cc.png\" alt=\"&#x1f4cc;\" width=\"16\" height=\"16\" \/><\/span>\u00bfQu\u00e9 pasa si no me llega el mail de confirmaci\u00f3n? Lo primero que debe hacer es revisar el correo con el cual se registr\u00f3, ir a las bandejas de SPAM o correo no deseado. Si en ninguna de sus bandejas de correo est\u00e1 la confirmaci\u00f3n, es decir, si no la recibi\u00f3, no se proces\u00f3 la misma. Puede ingresar nuevamente con el mismo mail registrado para corroborar, o bien puede escribir a ime_info@unlz.edu.ar<\/div>\n<div dir=\"auto\"><\/div>\n<\/div>\n<div dir=\"auto\"><img decoding=\"async\" loading=\"lazy\" class=\" wp-image-1998 aligncenter\" src=\"https:\/\/des-cat.infd.edu.ar\/sitio\/wp-content\/uploads\/2020\/09\/120114350_3309871015759747_8241740032931129303_o-1000x1000.jpg\" alt=\"\" width=\"672\" height=\"672\" srcset=\"https:\/\/des-cat.infd.edu.ar\/sitio\/wp-content\/uploads\/2020\/09\/120114350_3309871015759747_8241740032931129303_o-1000x1000.jpg 1000w, https:\/\/des-cat.infd.edu.ar\/sitio\/wp-content\/uploads\/2020\/09\/120114350_3309871015759747_8241740032931129303_o-500x500.jpg 500w, https:\/\/des-cat.infd.edu.ar\/sitio\/wp-content\/uploads\/2020\/09\/120114350_3309871015759747_8241740032931129303_o-768x768.jpg 768w, https:\/\/des-cat.infd.edu.ar\/sitio\/wp-content\/uploads\/2020\/09\/120114350_3309871015759747_8241740032931129303_o.jpg 1200w\" sizes=\"(max-width: 672px) 100vw, 672px\" \/><\/div>\n<div dir=\"auto\"><\/div>\n","protected":false},"excerpt":{"rendered":"<p>HOY Jueves 24\/09 \u00fanico d\u00eda de inscripci\u00f3n hasta cubrir los cupos disponibles que nos fueron otorgados. Estimados desde el Centro de Innovaci\u00f3n y Capacitaci\u00f3n \u2013CIC- conjuntamente con la Secretar\u00eda de Capital Humano y Organizaci\u00f3n del Ministerio de Gobierno, Justicia y Derechos Humanos los invitamos a participar del CURSO VIRTUAL \u201cDISE\u00d1O, EVALUACI\u00d3N Y MONITOREO DE POL\u00cdTICAS &#8230; <a title=\"CURSO VIRTUAL \u201cDISE\u00d1O, EVALUACI\u00d3N Y MONITOREO DE POL\u00cdTICAS P\u00daBLICAS\" class=\"read-more\" href=\"https:\/\/des-cat.infd.edu.ar\/sitio\/curso-virtual-diseno-evaluacion-y-monitoreo-de-politicas-publicas\/\" aria-label=\"More on CURSO VIRTUAL \u201cDISE\u00d1O, EVALUACI\u00d3N Y MONITOREO DE POL\u00cdTICAS P\u00daBLICAS\">[+]<\/a><\/p>\n","protected":false},"author":24779,"featured_media":0,"comment_status":"open","ping_status":"open","sticky":false,"template":"","format":"standard","meta":[],"categories":[53],"tags":[],"acf":[],"_links":{"self":[{"href":"https:\/\/des-cat.infd.edu.ar\/sitio\/wp-json\/wp\/v2\/posts\/1997"}],"collection":[{"href":"https:\/\/des-cat.infd.edu.ar\/sitio\/wp-json\/wp\/v2\/posts"}],"about":[{"href":"https:\/\/des-cat.infd.edu.ar\/sitio\/wp-json\/wp\/v2\/types\/post"}],"author":[{"embeddable":true,"href":"https:\/\/des-cat.infd.edu.ar\/sitio\/wp-json\/wp\/v2\/users\/24779"}],"replies":[{"embeddable":true,"href":"https:\/\/des-cat.infd.edu.ar\/sitio\/wp-json\/wp\/v2\/comments?post=1997"}],"version-history":[{"count":1,"href":"https:\/\/des-cat.infd.edu.ar\/sitio\/wp-json\/wp\/v2\/posts\/1997\/revisions"}],"predecessor-version":[{"id":1999,"href":"https:\/\/des-cat.infd.edu.ar\/sitio\/wp-json\/wp\/v2\/posts\/1997\/revisions\/1999"}],"wp:attachment":[{"href":"https:\/\/des-cat.infd.edu.ar\/sitio\/wp-json\/wp\/v2\/media?parent=1997"}],"wp:term":[{"taxonomy":"category","embeddable":true,"href":"https:\/\/des-cat.infd.edu.ar\/sitio\/wp-json\/wp\/v2\/categories?post=1997"},{"taxonomy":"post_tag","embeddable":true,"href":"https:\/\/des-cat.infd.edu.ar\/sitio\/wp-json\/wp\/v2\/tags?post=1997"}],"curies":[{"name":"wp","href":"https:\/\/api.w.org\/{rel}","templated":true}]}}