{"id":1991,"date":"2020-09-15T12:21:18","date_gmt":"2020-09-15T15:21:18","guid":{"rendered":"https:\/\/des-cat.infd.edu.ar\/sitio\/?p=1991"},"modified":"2025-06-25T16:22:31","modified_gmt":"2025-06-25T19:22:31","slug":"programa-leer-nos","status":"publish","type":"post","link":"https:\/\/des-cat.infd.edu.ar\/sitio\/programa-leer-nos\/","title":{"rendered":"Programa Leer\/nos"},"content":{"rendered":"<p><img decoding=\"async\" loading=\"lazy\" class=\"size-medium wp-image-2007 aligncenter\" src=\"https:\/\/des-cat.infd.edu.ar\/sitio\/wp-content\/uploads\/2020\/09\/Sin-t\u00edtulo-1-1000x400-1-1000x400.jpg\" alt=\"\" width=\"1000\" height=\"400\" srcset=\"https:\/\/des-cat.infd.edu.ar\/sitio\/wp-content\/uploads\/2020\/09\/Sin-t\u00edtulo-1-1000x400-1.jpg 1000w, https:\/\/des-cat.infd.edu.ar\/sitio\/wp-content\/uploads\/2020\/09\/Sin-t\u00edtulo-1-1000x400-1-768x307.jpg 768w\" sizes=\"(max-width: 1000px) 100vw, 1000px\" \/><\/p>\n<p><strong>Presentaci\u00f3n<\/strong><\/p>\n<p><em>Leer\/nos<\/em>\u00a0es un programa que fomenta, promueve y fortalece la lectura y escritura desde una perspectiva situada. Avanza en un compromiso local, de investigaci\u00f3n, valoraci\u00f3n y socializaci\u00f3n de las palabras y las voces que se construyen desde la regi\u00f3n.<\/p>\n<p>La lectura y escritura son dos pr\u00e1cticas indisolubles, fundamentales para el desarrollo del pensamiento, la expresi\u00f3n, la proposici\u00f3n y la comunicaci\u00f3n. A la vez,\u00a0<em>Leer\/nos<\/em>\u00a0recupera y potencia la figura del docente como motor de la cultura en general. Los docentes, estudiantes y bibliotecarios de los IES pueden visibilizarse como actores en la gesti\u00f3n de la palabra, en la democratizaci\u00f3n del conocimiento, la inclusi\u00f3n de lenguajes, la divulgaci\u00f3n de saberes y la socializaci\u00f3n de producciones locales.<\/p>\n<p><em>Leer\/nos<\/em>, en esta oportunidad, se articula con la Direcci\u00f3n de Bibliotecas y Archivos (DBA) dependiente de la Secretar\u00eda de Gesti\u00f3n Cultural de Catamarca, a fin de dar a conocer la producci\u00f3n de conocimiento, movilizar su circulaci\u00f3n y acceso para el di\u00e1logo y debate.<\/p>\n<p><strong>Objetivos<\/strong><\/p>\n<ul>\n<li>Promover la figura del docente como investigador y mediador en los procesos de lectura y escritura, fundamentales para la producci\u00f3n y circulaci\u00f3n de saber.<\/li>\n<li>Fomentar la lectura de textos que han sido producidos en la jurisdicci\u00f3n, y en este sentido valorar y movilizar a las escrituras situadas de docentes, investigadores y artistas locales.<\/li>\n<li>Contribuir, desde el Nivel Superior, a la profesionalizaci\u00f3n de los docentes de todos los niveles de educaci\u00f3n obligatoria y sus modalidades, poniendo en circulaci\u00f3n material que pueda ser promotor de nuevas b\u00fasquedas pedag\u00f3gicas.<\/li>\n<\/ul>\n<p><strong>\u00a0<\/strong><\/p>\n<p><strong>Convocatoria<\/strong><\/p>\n<p><strong>Bases de participaci\u00f3n<\/strong><\/p>\n<p>Se convoca a docentes, estudiantes avanzados, bibliotecarios y radios de los IES de gesti\u00f3n p\u00fablica y privada, a participar de las acciones comprendidas en el marco de programas\u00a0<em>Leer\/nos<\/em>\u00a0y\u00a0<em>Radios promotoras de lectura<\/em>.<\/p>\n<p>La participaci\u00f3n consiste en acciones de lectura, de textos propios o ajenos, a trav\u00e9s de la producci\u00f3n de audiovisuales o en radios pertenecientes a IES, CAJ, municipales o privadas. Los participantes tienen que leer y\/o interpretar un texto de una duraci\u00f3n no mayor a 10 minutos, comprendido en los siguientes ejes tem\u00e1ticos.<\/p>\n<ol>\n<li>Campos disciplinares espec\u00edficos a carreras de los IES.<\/li>\n<\/ol>\n<ol>\n<li>ESI, EIB, Educaci\u00f3n Art\u00edstica y Educaci\u00f3n Especial.<\/li>\n<li>Reflexiones cr\u00edticas de la pr\u00e1ctica docente.<\/li>\n<li>La nueva cotidianeidad educativa en la pandemia.<\/li>\n<li>Narrativa, poes\u00eda y teatro de autores locales.<\/li>\n<\/ol>\n<p>Hay dos modos de participar:<\/p>\n<p><strong>Festival Provincial de la Palabra y las Artes<\/strong>\u00a0(<strong>Noviembre\u00a02020<\/strong>)<\/p>\n<ul>\n<li>Se invita a docentes, estudiantes de los \u00faltimos a\u00f1os y bibliotecarias\/os de los IES a participar activamente en la lectura de textos propios o de autores locales. Se puede participar con producciones literarias, cient\u00edficas, ensay\u00edsticas, art\u00edsticas, interdisciplinares, experimentales.<\/li>\n<li>La lectura debe ser registrada en un audiovisual. El mismo puede contener la imagen del lector, im\u00e1genes ilustrativas, animaciones, performances, u otros procedimientos que acompa\u00f1en la lectura. Hay que mencionar que los audios visuales posibilitan diferentes procesos creativos, producciones que -a\u00fan en un car\u00e1cter artesanal- pueden ser efectivos en su llegada a un p\u00fablico espec\u00edfico. Por eso es menester tomar decisiones respecto a los p\u00fablicos a que se dirige, y en este caso podemos tomar como par\u00e1metro a los niveles y modalidades del sistema educativo.<\/li>\n<li>Los registros deben ser enviados hasta el 10 de Noviembre, junto con un archivo Word con la siguiente informaci\u00f3n: IES por el que participa, cargo que ocupa, Apellido y Nombre, DNI, Tem\u00e1tica elegida; a la siguiente direcci\u00f3n electr\u00f3nica: <a href=\"mailto:leernossuperior@gmail.com\">leernossuperior@gmail.com<\/a><\/li>\n<li>Los videos ser\u00e1n subidos a la p\u00e1gina web y redes sociales oficiales para su libre acceso y circulaci\u00f3n.<\/li>\n<li>Se seleccionar\u00e1 tres (3) videos que ser\u00e1n reconocidos con una colecci\u00f3n de libros de autores locales para la biblioteca del IES participante. La entrega del premio y reconocimiento p\u00fablico ser\u00e1 durante la realizaci\u00f3n del Festival Provincial de la Palabra y las Artes que se realizar\u00e1 en todo el mes de Noviembre.<\/li>\n<li>Se otorgar\u00e1 una certificaci\u00f3n de participaci\u00f3n desde el Ministerio de Educaci\u00f3n y la Secretar\u00eda de Gesti\u00f3n Cultural (Ministerio de Turismo y Cultura de la Provincia).<\/li>\n<\/ul>\n<p><strong>Radios promotoras de lectura<\/strong><\/p>\n<ul>\n<li>La Dir. de Bibliotecas y Archivos invit\u00f3 el d\u00eda 24 de agosto a las radios de la provincia a participar del proyecto \u201cRadios Promotoras de Lectura\u201d. En la misma se valora su funci\u00f3n informativa y formativa, por lo que invitaba a incluir en su programaci\u00f3n espacios para la divulgaci\u00f3n y la promoci\u00f3n de distintos g\u00e9neros literarios destinados a diferentes p\u00fablicos.<\/li>\n<li>La Dir. Prov. De Educaci\u00f3n Superior en coordinaci\u00f3n con la Dir. de Bibliotecas y Archivos, invita a docentes, estudiantes y bibliotecarias\/os de los IES a participar en coordinaci\u00f3n con radios, a trav\u00e9s de la lectura, la generaci\u00f3n de espacios como columnas, c\u00e1psulas, micros radiales y\/o programas sobre las tem\u00e1ticas antes mencionadas.<\/li>\n<li>Se deber\u00e1 registrar las acciones e informarlas por medio de un documento Word que contenga la siguiente informaci\u00f3n: Radio participante, IES por el que participa, cargo que ocupa, Apellido y Nombre, DNI; a la siguiente direcci\u00f3n electr\u00f3nica:\u00a0<a href=\"mailto:leernossuperior@gmail.com\">leernossuperior@gmail.com<\/a>\u00a0o direccionbibliotecasyarchivos@gmail.com<\/li>\n<li>Las actividades de promoci\u00f3n deber\u00e1n realizarse hasta Noviembre, inclusive, El Ministerio de Cultura y Turismo reconocer\u00e1, con una colecci\u00f3n de libros de autores catamarque\u00f1os, a tres de las radios que m\u00e1s acciones de promoci\u00f3n hayan realizado. La entrega del premio, y el reconocimiento p\u00fablico, ser\u00e1 durante la realizaci\u00f3n del Festival Provincial de la Palabra y las Artes que se realizar\u00e1 en todo el mes de Noviembre.<\/li>\n<li>Se otorgar\u00e1 una certificaci\u00f3n de participaci\u00f3n desde el Ministerio de Educaci\u00f3n y el Ministerio de Turismo y Cultura.<\/li>\n<\/ul>\n<p>&nbsp;<\/p>\n","protected":false},"excerpt":{"rendered":"<p>Presentaci\u00f3n Leer\/nos\u00a0es un programa que fomenta, promueve y fortalece la lectura y escritura desde una perspectiva situada. Avanza en un compromiso local, de investigaci\u00f3n, valoraci\u00f3n y socializaci\u00f3n de las palabras y las voces que se construyen desde la regi\u00f3n. La lectura y escritura son dos pr\u00e1cticas indisolubles, fundamentales para el desarrollo del pensamiento, la expresi\u00f3n, &#8230; <a title=\"Programa Leer\/nos\" class=\"read-more\" href=\"https:\/\/des-cat.infd.edu.ar\/sitio\/programa-leer-nos\/\" aria-label=\"More on Programa Leer\/nos\">[+]<\/a><\/p>\n","protected":false},"author":24779,"featured_media":0,"comment_status":"open","ping_status":"open","sticky":false,"template":"","format":"standard","meta":[],"categories":[53],"tags":[],"acf":[],"_links":{"self":[{"href":"https:\/\/des-cat.infd.edu.ar\/sitio\/wp-json\/wp\/v2\/posts\/1991"}],"collection":[{"href":"https:\/\/des-cat.infd.edu.ar\/sitio\/wp-json\/wp\/v2\/posts"}],"about":[{"href":"https:\/\/des-cat.infd.edu.ar\/sitio\/wp-json\/wp\/v2\/types\/post"}],"author":[{"embeddable":true,"href":"https:\/\/des-cat.infd.edu.ar\/sitio\/wp-json\/wp\/v2\/users\/24779"}],"replies":[{"embeddable":true,"href":"https:\/\/des-cat.infd.edu.ar\/sitio\/wp-json\/wp\/v2\/comments?post=1991"}],"version-history":[{"count":6,"href":"https:\/\/des-cat.infd.edu.ar\/sitio\/wp-json\/wp\/v2\/posts\/1991\/revisions"}],"predecessor-version":[{"id":2010,"href":"https:\/\/des-cat.infd.edu.ar\/sitio\/wp-json\/wp\/v2\/posts\/1991\/revisions\/2010"}],"wp:attachment":[{"href":"https:\/\/des-cat.infd.edu.ar\/sitio\/wp-json\/wp\/v2\/media?parent=1991"}],"wp:term":[{"taxonomy":"category","embeddable":true,"href":"https:\/\/des-cat.infd.edu.ar\/sitio\/wp-json\/wp\/v2\/categories?post=1991"},{"taxonomy":"post_tag","embeddable":true,"href":"https:\/\/des-cat.infd.edu.ar\/sitio\/wp-json\/wp\/v2\/tags?post=1991"}],"curies":[{"name":"wp","href":"https:\/\/api.w.org\/{rel}","templated":true}]}}